{"id":3262,"date":"2020-04-14T08:30:28","date_gmt":"2020-04-14T06:30:28","guid":{"rendered":"http:\/\/apajhetvous.apajh.org\/SIAM92\/?p=3262"},"modified":"2020-04-14T08:40:24","modified_gmt":"2020-04-14T06:40:24","slug":"lis-et-decouvre-n2","status":"publish","type":"post","link":"http:\/\/apajhetvous.apajh.org\/SIAM92\/lis-et-decouvre-n2\/","title":{"rendered":"Lis et d\u00e9couvre n\u00b02"},"content":{"rendered":"<p><span style=\"font-size: 20pt; font-family: Arial, sans-serif; color: #000000;\">Bonjour \u00e0 tous ! <\/span><\/p>\n<p>&nbsp;<\/p>\n<p><span style=\"font-size: 20pt; font-family: Arial, sans-serif; color: #000000;\">Se cultiver et apprendre plein de choses tout en restant chez soi !\u00a0<\/span><span style=\"font-size: 20pt; font-family: Arial, sans-serif; color: #000000;\"> La session \u201cLis et d\u00e9couvre\u201d est l\u00e0, pour vous, tous les mardis. <\/span><\/p>\n<p>&nbsp;<\/p>\n<p><span style=\"font-size: 20pt; font-family: Arial, sans-serif; color: #000000;\">Pour commencer, cette semaine le salon du livre de la jeunesse de Montreuil ouvre virtuellement ses portes et vous propose entre autres des promenades sonores, des expositions, des ateliers cr\u00e9atifs autour de l\u2019illustration, des jeux litt\u00e9raires, des lectures et un atelier d\u00e9fi g\u00e9ant :<\/span><\/p>\n<p><span style=\"font-size: 20pt; font-family: Arial, sans-serif; color: #000000;\"> <a href=\"https:\/\/slpjplus.fr\/salon\/\">https:\/\/slpjplus.fr\/salon\/<\/a> <\/span><\/p>\n<p><a href=\"https:\/\/slpjplus.fr\/salon\/\"><img loading=\"lazy\" decoding=\"async\" class=\"aligncenter wp-image-3265 size-full\" src=\"http:\/\/apajhetvous.apajh.org\/SIAM92\/wp-content\/uploads\/2020\/04\/image-1-3.png\" alt=\"Affiche du salon du livre de jeunesse virtuelle - 10e art - les chemins buissonniers de la litt\u00e9rature jeunesse d\u00e8s le 8 avril\" width=\"1200\" height=\"628\" srcset=\"http:\/\/apajhetvous.apajh.org\/SIAM92\/wp-content\/uploads\/2020\/04\/image-1-3.png 1200w, http:\/\/apajhetvous.apajh.org\/SIAM92\/wp-content\/uploads\/2020\/04\/image-1-3-300x157.png 300w, http:\/\/apajhetvous.apajh.org\/SIAM92\/wp-content\/uploads\/2020\/04\/image-1-3-768x402.png 768w, http:\/\/apajhetvous.apajh.org\/SIAM92\/wp-content\/uploads\/2020\/04\/image-1-3-1024x536.png 1024w, http:\/\/apajhetvous.apajh.org\/SIAM92\/wp-content\/uploads\/2020\/04\/image-1-3-370x194.png 370w\" sizes=\"auto, (max-width: 1200px) 100vw, 1200px\" \/><\/a><\/p>\n<p>&nbsp;<\/p>\n<p><span style=\"font-size: 20pt; font-family: Arial, sans-serif; color: #000000;\">Voici des liens pour tous les \u00e2ges :<\/span><\/p>\n<p>&nbsp;<\/p>\n<ul>\n<li><span style=\"font-size: 20pt; font-family: Arial, sans-serif; color: #000000;\">On commence par les petits (0-6 ans) avec des chansons et des comptines propos\u00e9es par Didier jeunesse<\/span><\/li>\n<\/ul>\n<p><iframe loading=\"lazy\" title=\"Ol\u00e9l\u00e9 Moliba Makasi - Berceuse Africaine avec paroles\" width=\"640\" height=\"360\" src=\"https:\/\/www.youtube.com\/embed\/wIeM4PM7aZw?feature=oembed\" frameborder=\"0\" allow=\"accelerometer; autoplay; clipboard-write; encrypted-media; gyroscope; picture-in-picture; web-share\" referrerpolicy=\"strict-origin-when-cross-origin\" allowfullscreen><\/iframe><\/p>\n<p><span style=\"font-size: 20pt; font-family: Arial, sans-serif; color: #000000;\">Si cela vous a plu, vous en trouverez d\u2019autres ici : <a href=\"https:\/\/www.youtube.com\/user\/DidierJeunesseMusic\">https:\/\/www.youtube.com\/user\/DidierJeunesseMusic<\/a><\/span><\/p>\n<p>&nbsp;<\/p>\n<ul>\n<li><span style=\"font-size: 20pt; font-family: Arial, sans-serif; color: #000000;\">On continue avec les plus grands (6 +) et Jamy de \u201cCe n\u2019est pas sorcier\u201d qui a cr\u00e9\u00e9 sa cha\u00eene Youtube pour le confinement\u00a0<\/span><\/li>\n<\/ul>\n<p><iframe loading=\"lazy\" title=\"Le compost : \u00c0 quoi \u00e7a sert ? \u267b Journ\u00e9e mondiale du recyclage \u267b | Confinement Jour 2\" width=\"640\" height=\"360\" src=\"https:\/\/www.youtube.com\/embed\/jq1RYB4TjNQ?feature=oembed\" frameborder=\"0\" allow=\"accelerometer; autoplay; clipboard-write; encrypted-media; gyroscope; picture-in-picture; web-share\" referrerpolicy=\"strict-origin-when-cross-origin\" allowfullscreen><\/iframe><\/p>\n<p><span style=\"font-size: 20pt; font-family: Arial, sans-serif; color: #000000;\">Plus d\u2019\u00e9pisodes ici : <a href=\"https:\/\/www.youtube.com\/channel\/UCG9G2dyRv04FDSH1FSYuLBg\">https:\/\/www.youtube.com\/channel\/UCG9G2dyRv04FDSH1FSYuLBg<\/a><\/span><\/p>\n<p>&nbsp;<\/p>\n<p><span style=\"font-size: 20pt; font-family: Arial, sans-serif; color: #000000;\">Et aussi des lectures audio autour des mythes et l\u00e9gendes du monde : <a href=\"https:\/\/play.acast.com\/s\/mythes-et-legendes\/be1e1048-aa71-481e-a549-65b932328b68\">https:\/\/play.acast.com\/s\/mythes-et-legendes\/be1e1048-aa71-481e-a549-65b932328b68<\/a> <\/span><\/p>\n<p><a href=\"https:\/\/play.acast.com\/s\/mythes-et-legendes\/be1e1048-aa71-481e-a549-65b932328b68\"><img loading=\"lazy\" decoding=\"async\" class=\"aligncenter size-full wp-image-3266\" src=\"http:\/\/apajhetvous.apajh.org\/SIAM92\/wp-content\/uploads\/2020\/04\/image-2-4.png\" alt=\"\" width=\"1257\" height=\"487\" srcset=\"http:\/\/apajhetvous.apajh.org\/SIAM92\/wp-content\/uploads\/2020\/04\/image-2-4.png 1257w, http:\/\/apajhetvous.apajh.org\/SIAM92\/wp-content\/uploads\/2020\/04\/image-2-4-300x116.png 300w, http:\/\/apajhetvous.apajh.org\/SIAM92\/wp-content\/uploads\/2020\/04\/image-2-4-768x298.png 768w, http:\/\/apajhetvous.apajh.org\/SIAM92\/wp-content\/uploads\/2020\/04\/image-2-4-1024x397.png 1024w, http:\/\/apajhetvous.apajh.org\/SIAM92\/wp-content\/uploads\/2020\/04\/image-2-4-370x143.png 370w\" sizes=\"auto, (max-width: 1257px) 100vw, 1257px\" \/><\/a><\/p>\n<p>&nbsp;<\/p>\n<p><span style=\"font-size: 20pt; font-family: Arial, sans-serif; color: #000000;\">Pour les adeptes de bandes dessin\u00e9es, de la lecture soit sur Izneo o\u00f9 vous pouvez obtenir des premiers tomes gratuitement jusqu\u2019\u00e0 fin avril. <\/span><\/p>\n<p><span style=\"font-size: 20pt; font-family: Arial, sans-serif; color: #000000;\"><a href=\"https:\/\/www.izneo.com\/fr\/evenement\/1702\/bd-delcourt-gratuites\">https:\/\/www.izneo.com\/fr\/evenement\/1702\/bd-delcourt-gratuites<\/a> <\/span><\/p>\n<p><a href=\"https:\/\/www.izneo.com\/fr\/evenement\/1702\/bd-delcourt-gratuites\"><img loading=\"lazy\" decoding=\"async\" class=\"aligncenter size-full wp-image-3267\" src=\"http:\/\/apajhetvous.apajh.org\/SIAM92\/wp-content\/uploads\/2020\/04\/image-3-3.png\" alt=\"\" width=\"1541\" height=\"885\" srcset=\"http:\/\/apajhetvous.apajh.org\/SIAM92\/wp-content\/uploads\/2020\/04\/image-3-3.png 1541w, http:\/\/apajhetvous.apajh.org\/SIAM92\/wp-content\/uploads\/2020\/04\/image-3-3-300x172.png 300w, http:\/\/apajhetvous.apajh.org\/SIAM92\/wp-content\/uploads\/2020\/04\/image-3-3-768x441.png 768w, http:\/\/apajhetvous.apajh.org\/SIAM92\/wp-content\/uploads\/2020\/04\/image-3-3-1024x588.png 1024w, http:\/\/apajhetvous.apajh.org\/SIAM92\/wp-content\/uploads\/2020\/04\/image-3-3-370x212.png 370w, http:\/\/apajhetvous.apajh.org\/SIAM92\/wp-content\/uploads\/2020\/04\/image-3-3-1320x758.png 1320w\" sizes=\"auto, (max-width: 1541px) 100vw, 1541px\" \/><\/a><\/p>\n<p>&nbsp;<\/p>\n<p><span style=\"font-size: 20pt; font-family: Arial, sans-serif; color: #000000;\">Et sur l\u2019application BD Comics Sequencity \u00d7 Leclerc vous trouverez des BD gratuites (attention le site n\u2019est pas tr\u00e8s contrast\u00e9, il faut \u00eatre vigilant car il y a aussi du contenu payant) <\/span><\/p>\n<p><span style=\"font-size: 20pt; font-family: Arial, sans-serif; color: #000000;\"><a href=\"https:\/\/play.google.com\/store\/apps\/details?id=com.actialuna.sequencity&amp;hl=fr\">https:\/\/play.google.com\/store\/apps\/details?id=com.actialuna.sequencity&amp;hl=fr<\/a><u> (Android) <\/u><\/span><\/p>\n<p><span style=\"font-size: 20pt; font-family: Arial, sans-serif; color: #000000;\"><u><a href=\"https:\/\/apps.apple.com\/fr\/app\/bd-comics-sequencity-leclerc\/id855313615\">https:\/\/apps.apple.com\/fr\/app\/bd-comics-sequencity-leclerc\/id855313615<\/a> (Apple) <\/u><\/span><\/p>\n<p><a href=\"http:\/\/apajhetvous.apajh.org\/SIAM92\/wp-content\/uploads\/2020\/04\/image-4-1.png\"><img loading=\"lazy\" decoding=\"async\" class=\"aligncenter size-full wp-image-3268\" src=\"http:\/\/apajhetvous.apajh.org\/SIAM92\/wp-content\/uploads\/2020\/04\/image-4-1.png\" alt=\"\" width=\"901\" height=\"749\" srcset=\"http:\/\/apajhetvous.apajh.org\/SIAM92\/wp-content\/uploads\/2020\/04\/image-4-1.png 901w, http:\/\/apajhetvous.apajh.org\/SIAM92\/wp-content\/uploads\/2020\/04\/image-4-1-300x249.png 300w, http:\/\/apajhetvous.apajh.org\/SIAM92\/wp-content\/uploads\/2020\/04\/image-4-1-768x638.png 768w, http:\/\/apajhetvous.apajh.org\/SIAM92\/wp-content\/uploads\/2020\/04\/image-4-1-370x308.png 370w\" sizes=\"auto, (max-width: 901px) 100vw, 901px\" \/><\/a><\/p>\n<p>&nbsp;<\/p>\n<p><span style=\"font-size: 20pt; font-family: Arial, sans-serif; color: #000000;\">Et pour finir, \u00ab\u00a0#alamaison\u00a0\u00bb qui est une nouvelle cha\u00eene pour le confinement avec plein de nouveaux programmes : <\/span><\/p>\n<p><span style=\"font-size: 20pt; font-family: Arial, sans-serif; color: #000000;\"><a href=\"https:\/\/www.francebleu.fr\/infos\/medias-people\/confinement-une-chaine-de-television-gratuite-lancee-par-tf1-france-televisions-m6-et-canal-1586182468\">https:\/\/www.francebleu.fr\/infos\/medias-people\/confinement-une-chaine-de-television-gratuite-lancee-par-tf1-france-televisions-m6-et-canal-1586182468<\/a> <\/span><\/p>\n<p><span style=\"font-size: 20pt; font-family: Arial, sans-serif; color: #000000;\"><strong><a href=\"http:\/\/apajhetvous.apajh.org\/SIAM92\/wp-content\/uploads\/2020\/04\/image-5-1.png\"><img loading=\"lazy\" decoding=\"async\" class=\"aligncenter size-full wp-image-3269\" src=\"http:\/\/apajhetvous.apajh.org\/SIAM92\/wp-content\/uploads\/2020\/04\/image-5-1.png\" alt=\"\" width=\"925\" height=\"549\" srcset=\"http:\/\/apajhetvous.apajh.org\/SIAM92\/wp-content\/uploads\/2020\/04\/image-5-1.png 925w, http:\/\/apajhetvous.apajh.org\/SIAM92\/wp-content\/uploads\/2020\/04\/image-5-1-300x178.png 300w, http:\/\/apajhetvous.apajh.org\/SIAM92\/wp-content\/uploads\/2020\/04\/image-5-1-768x456.png 768w, http:\/\/apajhetvous.apajh.org\/SIAM92\/wp-content\/uploads\/2020\/04\/image-5-1-370x220.png 370w\" sizes=\"auto, (max-width: 925px) 100vw, 925px\" \/><\/a><br \/>\n<\/strong><\/span><\/p>\n<p>&nbsp;<\/p>\n<p><span style=\"font-size: 20pt; font-family: Arial, sans-serif; color: #000000;\">Nous esp\u00e9rons que cette session vous aura plu.\u00a0 <\/span><\/p>\n<p><span style=\"font-size: 20pt; font-family: Arial, sans-serif; color: #000000;\">On se retrouve mardi prochain pour continuer \u00e0 se cultiver ! <\/span><\/p>\n<p>&nbsp;<\/p>\n<p><span style=\"font-size: 20pt; font-family: Arial, sans-serif; color: #000000;\">Prenez soin de vous, <\/span><\/p>\n<p>&nbsp;<\/p>\n<p><span style=\"font-size: 20pt; font-family: Arial, sans-serif; color: #000000;\">L\u2019\u00e9quipe du SIAM 92<\/span><\/p>\n","protected":false},"excerpt":{"rendered":"<p>Bonjour \u00e0 tous ! &nbsp; Se cultiver et apprendre plein de choses tout en restant chez soi !\u00a0 La session \u201cLis et d\u00e9couvre\u201d est l\u00e0, pour vous, tous les mardis. &nbsp; Pour commencer, cette semaine le salon du livre de la jeunesse de Montreuil ouvre virtuellement ses portes et vous propose entre autres des promenades<\/p>\n","protected":false},"author":12,"featured_media":3276,"comment_status":"closed","ping_status":"closed","sticky":false,"template":"","format":"standard","meta":{"footnotes":""},"categories":[66],"tags":[],"class_list":["post-3262","post","type-post","status-publish","format-standard","has-post-thumbnail","hentry","category-vie-de-letablissement"],"yoast_head":"<!-- This site is optimized with the Yoast SEO plugin v27.3 - https:\/\/yoast.com\/product\/yoast-seo-wordpress\/ -->\n<title>Lis et d\u00e9couvre n\u00b02 - SIAM 92 - APAJH&amp;VOUS<\/title>\n<meta name=\"robots\" content=\"index, follow, max-snippet:-1, max-image-preview:large, max-video-preview:-1\" \/>\n<link rel=\"canonical\" href=\"https:\/\/apajhetvous.apajh.org\/SIAM92\/lis-et-decouvre-n2\/\" \/>\n<meta property=\"og:locale\" content=\"fr_FR\" \/>\n<meta property=\"og:type\" content=\"article\" \/>\n<meta property=\"og:title\" content=\"Lis et d\u00e9couvre n\u00b02 - SIAM 92 - APAJH&amp;VOUS\" \/>\n<meta property=\"og:description\" content=\"Bonjour \u00e0 tous ! &nbsp; Se cultiver et apprendre plein de choses tout en restant chez soi !\u00a0 La session \u201cLis et d\u00e9couvre\u201d est l\u00e0, pour vous, tous les mardis. &nbsp; Pour commencer, cette semaine le salon du livre de la jeunesse de Montreuil ouvre virtuellement ses portes et vous propose entre autres des promenades\" \/>\n<meta property=\"og:url\" content=\"https:\/\/apajhetvous.apajh.org\/SIAM92\/lis-et-decouvre-n2\/\" \/>\n<meta property=\"og:site_name\" content=\"SIAM 92 - APAJH&amp;VOUS\" \/>\n<meta property=\"article:published_time\" content=\"2020-04-14T06:30:28+00:00\" \/>\n<meta property=\"article:modified_time\" content=\"2020-04-14T06:40:24+00:00\" \/>\n<meta property=\"og:image\" content=\"https:\/\/apajhetvous.apajh.org\/SIAM92\/wp-content\/uploads\/2020\/04\/book-2852903_1280.jpg\" \/>\n\t<meta property=\"og:image:width\" content=\"1280\" \/>\n\t<meta property=\"og:image:height\" content=\"853\" \/>\n\t<meta property=\"og:image:type\" content=\"image\/jpeg\" \/>\n<meta name=\"author\" content=\"Tanguy Sicard\" \/>\n<meta name=\"twitter:card\" content=\"summary_large_image\" \/>\n<meta name=\"twitter:label1\" content=\"\u00c9crit par\" \/>\n\t<meta name=\"twitter:data1\" content=\"Tanguy Sicard\" \/>\n\t<meta name=\"twitter:label2\" content=\"Dur\u00e9e de lecture estim\u00e9e\" \/>\n\t<meta name=\"twitter:data2\" content=\"2 minutes\" \/>\n<script type=\"application\/ld+json\" class=\"yoast-schema-graph\">{\"@context\":\"https:\\\/\\\/schema.org\",\"@graph\":[{\"@type\":\"Article\",\"@id\":\"https:\\\/\\\/apajhetvous.apajh.org\\\/SIAM92\\\/lis-et-decouvre-n2\\\/#article\",\"isPartOf\":{\"@id\":\"https:\\\/\\\/apajhetvous.apajh.org\\\/SIAM92\\\/lis-et-decouvre-n2\\\/\"},\"author\":{\"name\":\"Tanguy Sicard\",\"@id\":\"https:\\\/\\\/apajhetvous.apajh.org\\\/SIAM92\\\/#\\\/schema\\\/person\\\/dbf0ee91a7e80beefe76db4e549ed879\"},\"headline\":\"Lis et d\u00e9couvre n\u00b02\",\"datePublished\":\"2020-04-14T06:30:28+00:00\",\"dateModified\":\"2020-04-14T06:40:24+00:00\",\"mainEntityOfPage\":{\"@id\":\"https:\\\/\\\/apajhetvous.apajh.org\\\/SIAM92\\\/lis-et-decouvre-n2\\\/\"},\"wordCount\":363,\"image\":{\"@id\":\"https:\\\/\\\/apajhetvous.apajh.org\\\/SIAM92\\\/lis-et-decouvre-n2\\\/#primaryimage\"},\"thumbnailUrl\":\"http:\\\/\\\/apajhetvous.apajh.org\\\/SIAM92\\\/wp-content\\\/uploads\\\/2020\\\/04\\\/book-2852903_1280.jpg\",\"articleSection\":[\"Au quotidien\"],\"inLanguage\":\"fr-FR\"},{\"@type\":\"WebPage\",\"@id\":\"https:\\\/\\\/apajhetvous.apajh.org\\\/SIAM92\\\/lis-et-decouvre-n2\\\/\",\"url\":\"https:\\\/\\\/apajhetvous.apajh.org\\\/SIAM92\\\/lis-et-decouvre-n2\\\/\",\"name\":\"Lis et d\u00e9couvre n\u00b02 - SIAM 92 - APAJH&amp;VOUS\",\"isPartOf\":{\"@id\":\"https:\\\/\\\/apajhetvous.apajh.org\\\/SIAM92\\\/#website\"},\"primaryImageOfPage\":{\"@id\":\"https:\\\/\\\/apajhetvous.apajh.org\\\/SIAM92\\\/lis-et-decouvre-n2\\\/#primaryimage\"},\"image\":{\"@id\":\"https:\\\/\\\/apajhetvous.apajh.org\\\/SIAM92\\\/lis-et-decouvre-n2\\\/#primaryimage\"},\"thumbnailUrl\":\"http:\\\/\\\/apajhetvous.apajh.org\\\/SIAM92\\\/wp-content\\\/uploads\\\/2020\\\/04\\\/book-2852903_1280.jpg\",\"datePublished\":\"2020-04-14T06:30:28+00:00\",\"dateModified\":\"2020-04-14T06:40:24+00:00\",\"author\":{\"@id\":\"https:\\\/\\\/apajhetvous.apajh.org\\\/SIAM92\\\/#\\\/schema\\\/person\\\/dbf0ee91a7e80beefe76db4e549ed879\"},\"breadcrumb\":{\"@id\":\"https:\\\/\\\/apajhetvous.apajh.org\\\/SIAM92\\\/lis-et-decouvre-n2\\\/#breadcrumb\"},\"inLanguage\":\"fr-FR\",\"potentialAction\":[{\"@type\":\"ReadAction\",\"target\":[\"https:\\\/\\\/apajhetvous.apajh.org\\\/SIAM92\\\/lis-et-decouvre-n2\\\/\"]}]},{\"@type\":\"ImageObject\",\"inLanguage\":\"fr-FR\",\"@id\":\"https:\\\/\\\/apajhetvous.apajh.org\\\/SIAM92\\\/lis-et-decouvre-n2\\\/#primaryimage\",\"url\":\"http:\\\/\\\/apajhetvous.apajh.org\\\/SIAM92\\\/wp-content\\\/uploads\\\/2020\\\/04\\\/book-2852903_1280.jpg\",\"contentUrl\":\"http:\\\/\\\/apajhetvous.apajh.org\\\/SIAM92\\\/wp-content\\\/uploads\\\/2020\\\/04\\\/book-2852903_1280.jpg\",\"width\":1280,\"height\":853},{\"@type\":\"BreadcrumbList\",\"@id\":\"https:\\\/\\\/apajhetvous.apajh.org\\\/SIAM92\\\/lis-et-decouvre-n2\\\/#breadcrumb\",\"itemListElement\":[{\"@type\":\"ListItem\",\"position\":1,\"name\":\"Accueil\",\"item\":\"https:\\\/\\\/apajhetvous.apajh.org\\\/SIAM92\\\/\"},{\"@type\":\"ListItem\",\"position\":2,\"name\":\"Lis et d\u00e9couvre n\u00b02\"}]},{\"@type\":\"WebSite\",\"@id\":\"https:\\\/\\\/apajhetvous.apajh.org\\\/SIAM92\\\/#website\",\"url\":\"https:\\\/\\\/apajhetvous.apajh.org\\\/SIAM92\\\/\",\"name\":\"SIAM 92 - APAJH&amp;VOUS\",\"description\":\"\",\"potentialAction\":[{\"@type\":\"SearchAction\",\"target\":{\"@type\":\"EntryPoint\",\"urlTemplate\":\"https:\\\/\\\/apajhetvous.apajh.org\\\/SIAM92\\\/?s={search_term_string}\"},\"query-input\":{\"@type\":\"PropertyValueSpecification\",\"valueRequired\":true,\"valueName\":\"search_term_string\"}}],\"inLanguage\":\"fr-FR\"},{\"@type\":\"Person\",\"@id\":\"https:\\\/\\\/apajhetvous.apajh.org\\\/SIAM92\\\/#\\\/schema\\\/person\\\/dbf0ee91a7e80beefe76db4e549ed879\",\"name\":\"Tanguy Sicard\",\"image\":{\"@type\":\"ImageObject\",\"inLanguage\":\"fr-FR\",\"@id\":\"https:\\\/\\\/secure.gravatar.com\\\/avatar\\\/6c2ba40fb6dfda9d015b78daa54322f2559dfafdf357052f16fea5342743d6d3?s=96&d=mm&r=g\",\"url\":\"https:\\\/\\\/secure.gravatar.com\\\/avatar\\\/6c2ba40fb6dfda9d015b78daa54322f2559dfafdf357052f16fea5342743d6d3?s=96&d=mm&r=g\",\"contentUrl\":\"https:\\\/\\\/secure.gravatar.com\\\/avatar\\\/6c2ba40fb6dfda9d015b78daa54322f2559dfafdf357052f16fea5342743d6d3?s=96&d=mm&r=g\",\"caption\":\"Tanguy Sicard\"},\"url\":\"http:\\\/\\\/apajhetvous.apajh.org\\\/SIAM92\\\/author\\\/tanguy\\\/\"}]}<\/script>\n<!-- \/ Yoast SEO plugin. -->","yoast_head_json":{"title":"Lis et d\u00e9couvre n\u00b02 - SIAM 92 - APAJH&amp;VOUS","robots":{"index":"index","follow":"follow","max-snippet":"max-snippet:-1","max-image-preview":"max-image-preview:large","max-video-preview":"max-video-preview:-1"},"canonical":"https:\/\/apajhetvous.apajh.org\/SIAM92\/lis-et-decouvre-n2\/","og_locale":"fr_FR","og_type":"article","og_title":"Lis et d\u00e9couvre n\u00b02 - SIAM 92 - APAJH&amp;VOUS","og_description":"Bonjour \u00e0 tous ! &nbsp; Se cultiver et apprendre plein de choses tout en restant chez soi !\u00a0 La session \u201cLis et d\u00e9couvre\u201d est l\u00e0, pour vous, tous les mardis. &nbsp; Pour commencer, cette semaine le salon du livre de la jeunesse de Montreuil ouvre virtuellement ses portes et vous propose entre autres des promenades","og_url":"https:\/\/apajhetvous.apajh.org\/SIAM92\/lis-et-decouvre-n2\/","og_site_name":"SIAM 92 - APAJH&amp;VOUS","article_published_time":"2020-04-14T06:30:28+00:00","article_modified_time":"2020-04-14T06:40:24+00:00","og_image":[{"width":1280,"height":853,"url":"https:\/\/apajhetvous.apajh.org\/SIAM92\/wp-content\/uploads\/2020\/04\/book-2852903_1280.jpg","type":"image\/jpeg"}],"author":"Tanguy Sicard","twitter_card":"summary_large_image","twitter_misc":{"\u00c9crit par":"Tanguy Sicard","Dur\u00e9e de lecture estim\u00e9e":"2 minutes"},"schema":{"@context":"https:\/\/schema.org","@graph":[{"@type":"Article","@id":"https:\/\/apajhetvous.apajh.org\/SIAM92\/lis-et-decouvre-n2\/#article","isPartOf":{"@id":"https:\/\/apajhetvous.apajh.org\/SIAM92\/lis-et-decouvre-n2\/"},"author":{"name":"Tanguy Sicard","@id":"https:\/\/apajhetvous.apajh.org\/SIAM92\/#\/schema\/person\/dbf0ee91a7e80beefe76db4e549ed879"},"headline":"Lis et d\u00e9couvre n\u00b02","datePublished":"2020-04-14T06:30:28+00:00","dateModified":"2020-04-14T06:40:24+00:00","mainEntityOfPage":{"@id":"https:\/\/apajhetvous.apajh.org\/SIAM92\/lis-et-decouvre-n2\/"},"wordCount":363,"image":{"@id":"https:\/\/apajhetvous.apajh.org\/SIAM92\/lis-et-decouvre-n2\/#primaryimage"},"thumbnailUrl":"http:\/\/apajhetvous.apajh.org\/SIAM92\/wp-content\/uploads\/2020\/04\/book-2852903_1280.jpg","articleSection":["Au quotidien"],"inLanguage":"fr-FR"},{"@type":"WebPage","@id":"https:\/\/apajhetvous.apajh.org\/SIAM92\/lis-et-decouvre-n2\/","url":"https:\/\/apajhetvous.apajh.org\/SIAM92\/lis-et-decouvre-n2\/","name":"Lis et d\u00e9couvre n\u00b02 - SIAM 92 - APAJH&amp;VOUS","isPartOf":{"@id":"https:\/\/apajhetvous.apajh.org\/SIAM92\/#website"},"primaryImageOfPage":{"@id":"https:\/\/apajhetvous.apajh.org\/SIAM92\/lis-et-decouvre-n2\/#primaryimage"},"image":{"@id":"https:\/\/apajhetvous.apajh.org\/SIAM92\/lis-et-decouvre-n2\/#primaryimage"},"thumbnailUrl":"http:\/\/apajhetvous.apajh.org\/SIAM92\/wp-content\/uploads\/2020\/04\/book-2852903_1280.jpg","datePublished":"2020-04-14T06:30:28+00:00","dateModified":"2020-04-14T06:40:24+00:00","author":{"@id":"https:\/\/apajhetvous.apajh.org\/SIAM92\/#\/schema\/person\/dbf0ee91a7e80beefe76db4e549ed879"},"breadcrumb":{"@id":"https:\/\/apajhetvous.apajh.org\/SIAM92\/lis-et-decouvre-n2\/#breadcrumb"},"inLanguage":"fr-FR","potentialAction":[{"@type":"ReadAction","target":["https:\/\/apajhetvous.apajh.org\/SIAM92\/lis-et-decouvre-n2\/"]}]},{"@type":"ImageObject","inLanguage":"fr-FR","@id":"https:\/\/apajhetvous.apajh.org\/SIAM92\/lis-et-decouvre-n2\/#primaryimage","url":"http:\/\/apajhetvous.apajh.org\/SIAM92\/wp-content\/uploads\/2020\/04\/book-2852903_1280.jpg","contentUrl":"http:\/\/apajhetvous.apajh.org\/SIAM92\/wp-content\/uploads\/2020\/04\/book-2852903_1280.jpg","width":1280,"height":853},{"@type":"BreadcrumbList","@id":"https:\/\/apajhetvous.apajh.org\/SIAM92\/lis-et-decouvre-n2\/#breadcrumb","itemListElement":[{"@type":"ListItem","position":1,"name":"Accueil","item":"https:\/\/apajhetvous.apajh.org\/SIAM92\/"},{"@type":"ListItem","position":2,"name":"Lis et d\u00e9couvre n\u00b02"}]},{"@type":"WebSite","@id":"https:\/\/apajhetvous.apajh.org\/SIAM92\/#website","url":"https:\/\/apajhetvous.apajh.org\/SIAM92\/","name":"SIAM 92 - APAJH&amp;VOUS","description":"","potentialAction":[{"@type":"SearchAction","target":{"@type":"EntryPoint","urlTemplate":"https:\/\/apajhetvous.apajh.org\/SIAM92\/?s={search_term_string}"},"query-input":{"@type":"PropertyValueSpecification","valueRequired":true,"valueName":"search_term_string"}}],"inLanguage":"fr-FR"},{"@type":"Person","@id":"https:\/\/apajhetvous.apajh.org\/SIAM92\/#\/schema\/person\/dbf0ee91a7e80beefe76db4e549ed879","name":"Tanguy Sicard","image":{"@type":"ImageObject","inLanguage":"fr-FR","@id":"https:\/\/secure.gravatar.com\/avatar\/6c2ba40fb6dfda9d015b78daa54322f2559dfafdf357052f16fea5342743d6d3?s=96&d=mm&r=g","url":"https:\/\/secure.gravatar.com\/avatar\/6c2ba40fb6dfda9d015b78daa54322f2559dfafdf357052f16fea5342743d6d3?s=96&d=mm&r=g","contentUrl":"https:\/\/secure.gravatar.com\/avatar\/6c2ba40fb6dfda9d015b78daa54322f2559dfafdf357052f16fea5342743d6d3?s=96&d=mm&r=g","caption":"Tanguy Sicard"},"url":"http:\/\/apajhetvous.apajh.org\/SIAM92\/author\/tanguy\/"}]}},"_links":{"self":[{"href":"http:\/\/apajhetvous.apajh.org\/SIAM92\/wp-json\/wp\/v2\/posts\/3262","targetHints":{"allow":["GET"]}}],"collection":[{"href":"http:\/\/apajhetvous.apajh.org\/SIAM92\/wp-json\/wp\/v2\/posts"}],"about":[{"href":"http:\/\/apajhetvous.apajh.org\/SIAM92\/wp-json\/wp\/v2\/types\/post"}],"author":[{"embeddable":true,"href":"http:\/\/apajhetvous.apajh.org\/SIAM92\/wp-json\/wp\/v2\/users\/12"}],"replies":[{"embeddable":true,"href":"http:\/\/apajhetvous.apajh.org\/SIAM92\/wp-json\/wp\/v2\/comments?post=3262"}],"version-history":[{"count":3,"href":"http:\/\/apajhetvous.apajh.org\/SIAM92\/wp-json\/wp\/v2\/posts\/3262\/revisions"}],"predecessor-version":[{"id":3273,"href":"http:\/\/apajhetvous.apajh.org\/SIAM92\/wp-json\/wp\/v2\/posts\/3262\/revisions\/3273"}],"wp:featuredmedia":[{"embeddable":true,"href":"http:\/\/apajhetvous.apajh.org\/SIAM92\/wp-json\/wp\/v2\/media\/3276"}],"wp:attachment":[{"href":"http:\/\/apajhetvous.apajh.org\/SIAM92\/wp-json\/wp\/v2\/media?parent=3262"}],"wp:term":[{"taxonomy":"category","embeddable":true,"href":"http:\/\/apajhetvous.apajh.org\/SIAM92\/wp-json\/wp\/v2\/categories?post=3262"},{"taxonomy":"post_tag","embeddable":true,"href":"http:\/\/apajhetvous.apajh.org\/SIAM92\/wp-json\/wp\/v2\/tags?post=3262"}],"curies":[{"name":"wp","href":"https:\/\/api.w.org\/{rel}","templated":true}]}}