{"id":1118,"date":"2023-07-19T12:00:22","date_gmt":"2023-07-19T10:00:22","guid":{"rendered":"https:\/\/apajhetvous.apajh.org\/plateformederepitdelain\/?p=1118"},"modified":"2023-10-03T15:19:48","modified_gmt":"2023-10-03T13:19:48","slug":"appel-a-contributions-etude-acces-aux-soins-des-personnes-avec-handicap","status":"publish","type":"post","link":"http:\/\/apajhetvous.apajh.org\/plateformederepitdelain\/appel-a-contributions-etude-acces-aux-soins-des-personnes-avec-handicap\/","title":{"rendered":"appel \u00e0 contributions &#8211; \u00e9tude acc\u00e8s aux soins des personnes avec handicap"},"content":{"rendered":"<pre><strong><span style=\"color: #2bb3a7;\"><img loading=\"lazy\" decoding=\"async\" class=\"\" src=\"https:\/\/images.emojiterra.com\/google\/android-12l\/512px\/1f50e.png\" alt=\"\ud83d\udd0e Loupe Orient\u00e9e \u00c0 Droite Emoji\" width=\"61\" height=\"61\" \/>Une consultation sur l'acc\u00e8s aux soins des personnes en situation de handicap\u00a0<\/span><\/strong><\/pre>\n<p>Dans le cadre de la <a href=\"https:\/\/www.auvergne-rhone-alpes.ars.sante.fr\/le-projet-regional-de-sante-auvergne-rhone-alpes-2018-2028?parent=5189\" target=\"_blank\" rel=\"noopener\" data-xiti-name=\"strategie_regionale_de_sante\" data-xiti-chapitre1=\"Acces_aux_soins_et_handicap_donnez_votre_avis_!\" data-xiti-type=\"exit\">strat\u00e9gie r\u00e9gionale de sant\u00e9<\/a> l&rsquo;<strong>Agence R\u00e9gionale de Sant\u00e9 Auvergne-Rh\u00f4ne-Alpes<\/strong> lance un appel \u00e0 contribution destin\u00e9 aux personnes concern\u00e9es, \u00e0 leurs proches, aux professionnels de sant\u00e9s, aux professionnels m\u00e9dico-sociaux, aux \u00e9lus, aux citoyens, aux acteurs institutionnels&#8230;<\/p>\n<pre><span style=\"color: #2bb3a7;\"><strong>Mobilisez-vous et r\u00e9pondez \u00e0 la consultation jusqu'au 27 juillet !<\/strong><\/span><\/pre>\n<p>L&rsquo;objectif est de permettre au plus grand nombre de partager tout type d&rsquo;action <strong>b\u00e9n\u00e9fique \u00e0 l\u2019acc\u00e8s aux soins des personnes en situation de handicap.<\/strong><\/p>\n<p style=\"text-align: center;\"><span style=\"color: #2bb3a7;\"><strong>EXPRIMEZ-VOUS !\u00a0<\/strong><\/span><\/p>\n<p>Votre participation permet d&rsquo;am\u00e9liorer la connaissance de l&rsquo;existant et de partager les bonnes pratiques, pour r\u00e9pondre \u00e0 la consultation<strong> <a href=\"https:\/\/www.sphinxonline.com\/surveyserver\/s\/Itinere\/ARSARA_Contributions\/questionnaire.htm\">cliquez ici<\/a>\u00a0<\/strong> <img loading=\"lazy\" decoding=\"async\" class=\"\" src=\"https:\/\/images.emojiterra.com\/google\/android-pie\/512px\/1f448-1f3fe.png\" alt=\"\ud83d\udc48\ud83c\udffe Main Avec Index Pointant \u00c0 Gauche : Peau Mate Emoji\" width=\"29\" height=\"29\" \/><\/p>\n<p>Site de l&rsquo;Agence R\u00e9gionale de Sant\u00e9 Auvergne Rh\u00f4ne Alpes\u00a0 : <a href=\"https:\/\/www.auvergne-rhone-alpes.ars.sante.fr\/acces-aux-soins-et-handicap-donnez-votre-avis\">https:\/\/www.auvergne-rhone-alpes.ars.sante.fr\/acces-aux-soins-et-handicap-donnez-votre-avis<\/a><\/p>\n","protected":false},"excerpt":{"rendered":"<p>Une consultation sur l&rsquo;acc\u00e8s aux soins des personnes en situation de handicap\u00a0 Dans le cadre de la strat\u00e9gie r\u00e9gionale de sant\u00e9 l&rsquo;Agence R\u00e9gionale de Sant\u00e9 Auvergne-Rh\u00f4ne-Alpes lance un appel \u00e0 contribution destin\u00e9 aux personnes concern\u00e9es, \u00e0 leurs proches, aux professionnels de sant\u00e9s, aux professionnels m\u00e9dico-sociaux, aux \u00e9lus, aux citoyens, aux acteurs institutionnels&#8230; Mobilisez-vous et r\u00e9pondez<\/p>\n","protected":false},"author":4,"featured_media":1121,"comment_status":"closed","ping_status":"closed","sticky":false,"template":"","format":"standard","meta":{"_exactmetrics_skip_tracking":false,"_exactmetrics_sitenote_active":false,"_exactmetrics_sitenote_note":"","_exactmetrics_sitenote_category":0,"footnotes":""},"categories":[4],"tags":[],"class_list":["post-1118","post","type-post","status-publish","format-standard","has-post-thumbnail","hentry","category-au-quotidien"],"yoast_head":"<!-- This site is optimized with the Yoast SEO plugin v27.3 - https:\/\/yoast.com\/product\/yoast-seo-wordpress\/ -->\n<title>appel \u00e0 contributions - \u00e9tude acc\u00e8s aux soins des personnes avec handicap - PLATEFORME DE R\u00c9PIT DE L&#039;AIN<\/title>\n<meta name=\"robots\" content=\"index, follow, max-snippet:-1, max-image-preview:large, max-video-preview:-1\" \/>\n<link rel=\"canonical\" href=\"http:\/\/apajhetvous.apajh.org\/plateformederepitdelain\/appel-a-contributions-etude-acces-aux-soins-des-personnes-avec-handicap\/\" \/>\n<meta property=\"og:locale\" content=\"fr_FR\" \/>\n<meta property=\"og:type\" content=\"article\" \/>\n<meta property=\"og:title\" content=\"appel \u00e0 contributions - \u00e9tude acc\u00e8s aux soins des personnes avec handicap - PLATEFORME DE R\u00c9PIT DE L&#039;AIN\" \/>\n<meta property=\"og:description\" content=\"Une consultation sur l&#039;acc\u00e8s aux soins des personnes en situation de handicap\u00a0 Dans le cadre de la strat\u00e9gie r\u00e9gionale de sant\u00e9 l&rsquo;Agence R\u00e9gionale de Sant\u00e9 Auvergne-Rh\u00f4ne-Alpes lance un appel \u00e0 contribution destin\u00e9 aux personnes concern\u00e9es, \u00e0 leurs proches, aux professionnels de sant\u00e9s, aux professionnels m\u00e9dico-sociaux, aux \u00e9lus, aux citoyens, aux acteurs institutionnels&#8230; Mobilisez-vous et r\u00e9pondez\" \/>\n<meta property=\"og:url\" content=\"http:\/\/apajhetvous.apajh.org\/plateformederepitdelain\/appel-a-contributions-etude-acces-aux-soins-des-personnes-avec-handicap\/\" \/>\n<meta property=\"og:site_name\" content=\"PLATEFORME DE R\u00c9PIT DE L&#039;AIN\" \/>\n<meta property=\"article:published_time\" content=\"2023-07-19T10:00:22+00:00\" \/>\n<meta property=\"article:modified_time\" content=\"2023-10-03T13:19:48+00:00\" \/>\n<meta property=\"og:image\" content=\"http:\/\/apajhetvous.apajh.org\/plateformederepitdelain\/wp-content\/uploads\/2023\/07\/enquetet.jpg\" \/>\n\t<meta property=\"og:image:width\" content=\"940\" \/>\n\t<meta property=\"og:image:height\" content=\"591\" \/>\n\t<meta property=\"og:image:type\" content=\"image\/jpeg\" \/>\n<meta name=\"author\" content=\"ang\u00e9lique mermet\" \/>\n<meta name=\"twitter:card\" content=\"summary_large_image\" \/>\n<meta name=\"twitter:label1\" content=\"\u00c9crit par\" \/>\n\t<meta name=\"twitter:data1\" content=\"ang\u00e9lique mermet\" \/>\n\t<meta name=\"twitter:label2\" content=\"Dur\u00e9e de lecture estim\u00e9e\" \/>\n\t<meta name=\"twitter:data2\" content=\"2 minutes\" \/>\n<script type=\"application\/ld+json\" class=\"yoast-schema-graph\">{\"@context\":\"https:\\\/\\\/schema.org\",\"@graph\":[{\"@type\":\"Article\",\"@id\":\"http:\\\/\\\/apajhetvous.apajh.org\\\/plateformederepitdelain\\\/appel-a-contributions-etude-acces-aux-soins-des-personnes-avec-handicap\\\/#article\",\"isPartOf\":{\"@id\":\"http:\\\/\\\/apajhetvous.apajh.org\\\/plateformederepitdelain\\\/appel-a-contributions-etude-acces-aux-soins-des-personnes-avec-handicap\\\/\"},\"author\":{\"name\":\"ang\u00e9lique mermet\",\"@id\":\"https:\\\/\\\/apajhetvous.apajh.org\\\/plateformederepitdelain\\\/#\\\/schema\\\/person\\\/90be931d8332ca958c286bc229ccccd1\"},\"headline\":\"appel \u00e0 contributions &#8211; \u00e9tude acc\u00e8s aux soins des personnes avec handicap\",\"datePublished\":\"2023-07-19T10:00:22+00:00\",\"dateModified\":\"2023-10-03T13:19:48+00:00\",\"mainEntityOfPage\":{\"@id\":\"http:\\\/\\\/apajhetvous.apajh.org\\\/plateformederepitdelain\\\/appel-a-contributions-etude-acces-aux-soins-des-personnes-avec-handicap\\\/\"},\"wordCount\":131,\"image\":{\"@id\":\"http:\\\/\\\/apajhetvous.apajh.org\\\/plateformederepitdelain\\\/appel-a-contributions-etude-acces-aux-soins-des-personnes-avec-handicap\\\/#primaryimage\"},\"thumbnailUrl\":\"http:\\\/\\\/apajhetvous.apajh.org\\\/plateformederepitdelain\\\/wp-content\\\/uploads\\\/2023\\\/07\\\/enquetet.jpg\",\"articleSection\":[\"Actualit\u00e9s\"],\"inLanguage\":\"fr-FR\"},{\"@type\":\"WebPage\",\"@id\":\"http:\\\/\\\/apajhetvous.apajh.org\\\/plateformederepitdelain\\\/appel-a-contributions-etude-acces-aux-soins-des-personnes-avec-handicap\\\/\",\"url\":\"http:\\\/\\\/apajhetvous.apajh.org\\\/plateformederepitdelain\\\/appel-a-contributions-etude-acces-aux-soins-des-personnes-avec-handicap\\\/\",\"name\":\"appel \u00e0 contributions - \u00e9tude acc\u00e8s aux soins des personnes avec handicap - PLATEFORME DE R\u00c9PIT DE L&#039;AIN\",\"isPartOf\":{\"@id\":\"https:\\\/\\\/apajhetvous.apajh.org\\\/plateformederepitdelain\\\/#website\"},\"primaryImageOfPage\":{\"@id\":\"http:\\\/\\\/apajhetvous.apajh.org\\\/plateformederepitdelain\\\/appel-a-contributions-etude-acces-aux-soins-des-personnes-avec-handicap\\\/#primaryimage\"},\"image\":{\"@id\":\"http:\\\/\\\/apajhetvous.apajh.org\\\/plateformederepitdelain\\\/appel-a-contributions-etude-acces-aux-soins-des-personnes-avec-handicap\\\/#primaryimage\"},\"thumbnailUrl\":\"http:\\\/\\\/apajhetvous.apajh.org\\\/plateformederepitdelain\\\/wp-content\\\/uploads\\\/2023\\\/07\\\/enquetet.jpg\",\"datePublished\":\"2023-07-19T10:00:22+00:00\",\"dateModified\":\"2023-10-03T13:19:48+00:00\",\"author\":{\"@id\":\"https:\\\/\\\/apajhetvous.apajh.org\\\/plateformederepitdelain\\\/#\\\/schema\\\/person\\\/90be931d8332ca958c286bc229ccccd1\"},\"breadcrumb\":{\"@id\":\"http:\\\/\\\/apajhetvous.apajh.org\\\/plateformederepitdelain\\\/appel-a-contributions-etude-acces-aux-soins-des-personnes-avec-handicap\\\/#breadcrumb\"},\"inLanguage\":\"fr-FR\",\"potentialAction\":[{\"@type\":\"ReadAction\",\"target\":[\"http:\\\/\\\/apajhetvous.apajh.org\\\/plateformederepitdelain\\\/appel-a-contributions-etude-acces-aux-soins-des-personnes-avec-handicap\\\/\"]}]},{\"@type\":\"ImageObject\",\"inLanguage\":\"fr-FR\",\"@id\":\"http:\\\/\\\/apajhetvous.apajh.org\\\/plateformederepitdelain\\\/appel-a-contributions-etude-acces-aux-soins-des-personnes-avec-handicap\\\/#primaryimage\",\"url\":\"http:\\\/\\\/apajhetvous.apajh.org\\\/plateformederepitdelain\\\/wp-content\\\/uploads\\\/2023\\\/07\\\/enquetet.jpg\",\"contentUrl\":\"http:\\\/\\\/apajhetvous.apajh.org\\\/plateformederepitdelain\\\/wp-content\\\/uploads\\\/2023\\\/07\\\/enquetet.jpg\",\"width\":940,\"height\":591},{\"@type\":\"BreadcrumbList\",\"@id\":\"http:\\\/\\\/apajhetvous.apajh.org\\\/plateformederepitdelain\\\/appel-a-contributions-etude-acces-aux-soins-des-personnes-avec-handicap\\\/#breadcrumb\",\"itemListElement\":[{\"@type\":\"ListItem\",\"position\":1,\"name\":\"Accueil\",\"item\":\"https:\\\/\\\/apajhetvous.apajh.org\\\/plateformederepitdelain\\\/\"},{\"@type\":\"ListItem\",\"position\":2,\"name\":\"appel \u00e0 contributions &#8211; \u00e9tude acc\u00e8s aux soins des personnes avec handicap\"}]},{\"@type\":\"WebSite\",\"@id\":\"https:\\\/\\\/apajhetvous.apajh.org\\\/plateformederepitdelain\\\/#website\",\"url\":\"https:\\\/\\\/apajhetvous.apajh.org\\\/plateformederepitdelain\\\/\",\"name\":\"PLATEFORME DE R\u00c9PIT DE L&#039;AIN\",\"description\":\"APAJH\",\"potentialAction\":[{\"@type\":\"SearchAction\",\"target\":{\"@type\":\"EntryPoint\",\"urlTemplate\":\"https:\\\/\\\/apajhetvous.apajh.org\\\/plateformederepitdelain\\\/?s={search_term_string}\"},\"query-input\":{\"@type\":\"PropertyValueSpecification\",\"valueRequired\":true,\"valueName\":\"search_term_string\"}}],\"inLanguage\":\"fr-FR\"},{\"@type\":\"Person\",\"@id\":\"https:\\\/\\\/apajhetvous.apajh.org\\\/plateformederepitdelain\\\/#\\\/schema\\\/person\\\/90be931d8332ca958c286bc229ccccd1\",\"name\":\"ang\u00e9lique mermet\",\"image\":{\"@type\":\"ImageObject\",\"inLanguage\":\"fr-FR\",\"@id\":\"https:\\\/\\\/secure.gravatar.com\\\/avatar\\\/e936eb366bedac64025cc82a6ff20ca2855575c1b2d689e99a6872a8ed13cf35?s=96&d=mm&r=g\",\"url\":\"https:\\\/\\\/secure.gravatar.com\\\/avatar\\\/e936eb366bedac64025cc82a6ff20ca2855575c1b2d689e99a6872a8ed13cf35?s=96&d=mm&r=g\",\"contentUrl\":\"https:\\\/\\\/secure.gravatar.com\\\/avatar\\\/e936eb366bedac64025cc82a6ff20ca2855575c1b2d689e99a6872a8ed13cf35?s=96&d=mm&r=g\",\"caption\":\"ang\u00e9lique mermet\"},\"url\":\"http:\\\/\\\/apajhetvous.apajh.org\\\/plateformederepitdelain\\\/author\\\/amermet\\\/\"}]}<\/script>\n<!-- \/ Yoast SEO plugin. -->","yoast_head_json":{"title":"appel \u00e0 contributions - \u00e9tude acc\u00e8s aux soins des personnes avec handicap - PLATEFORME DE R\u00c9PIT DE L&#039;AIN","robots":{"index":"index","follow":"follow","max-snippet":"max-snippet:-1","max-image-preview":"max-image-preview:large","max-video-preview":"max-video-preview:-1"},"canonical":"http:\/\/apajhetvous.apajh.org\/plateformederepitdelain\/appel-a-contributions-etude-acces-aux-soins-des-personnes-avec-handicap\/","og_locale":"fr_FR","og_type":"article","og_title":"appel \u00e0 contributions - \u00e9tude acc\u00e8s aux soins des personnes avec handicap - PLATEFORME DE R\u00c9PIT DE L&#039;AIN","og_description":"Une consultation sur l'acc\u00e8s aux soins des personnes en situation de handicap\u00a0 Dans le cadre de la strat\u00e9gie r\u00e9gionale de sant\u00e9 l&rsquo;Agence R\u00e9gionale de Sant\u00e9 Auvergne-Rh\u00f4ne-Alpes lance un appel \u00e0 contribution destin\u00e9 aux personnes concern\u00e9es, \u00e0 leurs proches, aux professionnels de sant\u00e9s, aux professionnels m\u00e9dico-sociaux, aux \u00e9lus, aux citoyens, aux acteurs institutionnels&#8230; Mobilisez-vous et r\u00e9pondez","og_url":"http:\/\/apajhetvous.apajh.org\/plateformederepitdelain\/appel-a-contributions-etude-acces-aux-soins-des-personnes-avec-handicap\/","og_site_name":"PLATEFORME DE R\u00c9PIT DE L&#039;AIN","article_published_time":"2023-07-19T10:00:22+00:00","article_modified_time":"2023-10-03T13:19:48+00:00","og_image":[{"width":940,"height":591,"url":"http:\/\/apajhetvous.apajh.org\/plateformederepitdelain\/wp-content\/uploads\/2023\/07\/enquetet.jpg","type":"image\/jpeg"}],"author":"ang\u00e9lique mermet","twitter_card":"summary_large_image","twitter_misc":{"\u00c9crit par":"ang\u00e9lique mermet","Dur\u00e9e de lecture estim\u00e9e":"2 minutes"},"schema":{"@context":"https:\/\/schema.org","@graph":[{"@type":"Article","@id":"http:\/\/apajhetvous.apajh.org\/plateformederepitdelain\/appel-a-contributions-etude-acces-aux-soins-des-personnes-avec-handicap\/#article","isPartOf":{"@id":"http:\/\/apajhetvous.apajh.org\/plateformederepitdelain\/appel-a-contributions-etude-acces-aux-soins-des-personnes-avec-handicap\/"},"author":{"name":"ang\u00e9lique mermet","@id":"https:\/\/apajhetvous.apajh.org\/plateformederepitdelain\/#\/schema\/person\/90be931d8332ca958c286bc229ccccd1"},"headline":"appel \u00e0 contributions &#8211; \u00e9tude acc\u00e8s aux soins des personnes avec handicap","datePublished":"2023-07-19T10:00:22+00:00","dateModified":"2023-10-03T13:19:48+00:00","mainEntityOfPage":{"@id":"http:\/\/apajhetvous.apajh.org\/plateformederepitdelain\/appel-a-contributions-etude-acces-aux-soins-des-personnes-avec-handicap\/"},"wordCount":131,"image":{"@id":"http:\/\/apajhetvous.apajh.org\/plateformederepitdelain\/appel-a-contributions-etude-acces-aux-soins-des-personnes-avec-handicap\/#primaryimage"},"thumbnailUrl":"http:\/\/apajhetvous.apajh.org\/plateformederepitdelain\/wp-content\/uploads\/2023\/07\/enquetet.jpg","articleSection":["Actualit\u00e9s"],"inLanguage":"fr-FR"},{"@type":"WebPage","@id":"http:\/\/apajhetvous.apajh.org\/plateformederepitdelain\/appel-a-contributions-etude-acces-aux-soins-des-personnes-avec-handicap\/","url":"http:\/\/apajhetvous.apajh.org\/plateformederepitdelain\/appel-a-contributions-etude-acces-aux-soins-des-personnes-avec-handicap\/","name":"appel \u00e0 contributions - \u00e9tude acc\u00e8s aux soins des personnes avec handicap - PLATEFORME DE R\u00c9PIT DE L&#039;AIN","isPartOf":{"@id":"https:\/\/apajhetvous.apajh.org\/plateformederepitdelain\/#website"},"primaryImageOfPage":{"@id":"http:\/\/apajhetvous.apajh.org\/plateformederepitdelain\/appel-a-contributions-etude-acces-aux-soins-des-personnes-avec-handicap\/#primaryimage"},"image":{"@id":"http:\/\/apajhetvous.apajh.org\/plateformederepitdelain\/appel-a-contributions-etude-acces-aux-soins-des-personnes-avec-handicap\/#primaryimage"},"thumbnailUrl":"http:\/\/apajhetvous.apajh.org\/plateformederepitdelain\/wp-content\/uploads\/2023\/07\/enquetet.jpg","datePublished":"2023-07-19T10:00:22+00:00","dateModified":"2023-10-03T13:19:48+00:00","author":{"@id":"https:\/\/apajhetvous.apajh.org\/plateformederepitdelain\/#\/schema\/person\/90be931d8332ca958c286bc229ccccd1"},"breadcrumb":{"@id":"http:\/\/apajhetvous.apajh.org\/plateformederepitdelain\/appel-a-contributions-etude-acces-aux-soins-des-personnes-avec-handicap\/#breadcrumb"},"inLanguage":"fr-FR","potentialAction":[{"@type":"ReadAction","target":["http:\/\/apajhetvous.apajh.org\/plateformederepitdelain\/appel-a-contributions-etude-acces-aux-soins-des-personnes-avec-handicap\/"]}]},{"@type":"ImageObject","inLanguage":"fr-FR","@id":"http:\/\/apajhetvous.apajh.org\/plateformederepitdelain\/appel-a-contributions-etude-acces-aux-soins-des-personnes-avec-handicap\/#primaryimage","url":"http:\/\/apajhetvous.apajh.org\/plateformederepitdelain\/wp-content\/uploads\/2023\/07\/enquetet.jpg","contentUrl":"http:\/\/apajhetvous.apajh.org\/plateformederepitdelain\/wp-content\/uploads\/2023\/07\/enquetet.jpg","width":940,"height":591},{"@type":"BreadcrumbList","@id":"http:\/\/apajhetvous.apajh.org\/plateformederepitdelain\/appel-a-contributions-etude-acces-aux-soins-des-personnes-avec-handicap\/#breadcrumb","itemListElement":[{"@type":"ListItem","position":1,"name":"Accueil","item":"https:\/\/apajhetvous.apajh.org\/plateformederepitdelain\/"},{"@type":"ListItem","position":2,"name":"appel \u00e0 contributions &#8211; \u00e9tude acc\u00e8s aux soins des personnes avec handicap"}]},{"@type":"WebSite","@id":"https:\/\/apajhetvous.apajh.org\/plateformederepitdelain\/#website","url":"https:\/\/apajhetvous.apajh.org\/plateformederepitdelain\/","name":"PLATEFORME DE R\u00c9PIT DE L&#039;AIN","description":"APAJH","potentialAction":[{"@type":"SearchAction","target":{"@type":"EntryPoint","urlTemplate":"https:\/\/apajhetvous.apajh.org\/plateformederepitdelain\/?s={search_term_string}"},"query-input":{"@type":"PropertyValueSpecification","valueRequired":true,"valueName":"search_term_string"}}],"inLanguage":"fr-FR"},{"@type":"Person","@id":"https:\/\/apajhetvous.apajh.org\/plateformederepitdelain\/#\/schema\/person\/90be931d8332ca958c286bc229ccccd1","name":"ang\u00e9lique mermet","image":{"@type":"ImageObject","inLanguage":"fr-FR","@id":"https:\/\/secure.gravatar.com\/avatar\/e936eb366bedac64025cc82a6ff20ca2855575c1b2d689e99a6872a8ed13cf35?s=96&d=mm&r=g","url":"https:\/\/secure.gravatar.com\/avatar\/e936eb366bedac64025cc82a6ff20ca2855575c1b2d689e99a6872a8ed13cf35?s=96&d=mm&r=g","contentUrl":"https:\/\/secure.gravatar.com\/avatar\/e936eb366bedac64025cc82a6ff20ca2855575c1b2d689e99a6872a8ed13cf35?s=96&d=mm&r=g","caption":"ang\u00e9lique mermet"},"url":"http:\/\/apajhetvous.apajh.org\/plateformederepitdelain\/author\/amermet\/"}]}},"_links":{"self":[{"href":"http:\/\/apajhetvous.apajh.org\/plateformederepitdelain\/wp-json\/wp\/v2\/posts\/1118","targetHints":{"allow":["GET"]}}],"collection":[{"href":"http:\/\/apajhetvous.apajh.org\/plateformederepitdelain\/wp-json\/wp\/v2\/posts"}],"about":[{"href":"http:\/\/apajhetvous.apajh.org\/plateformederepitdelain\/wp-json\/wp\/v2\/types\/post"}],"author":[{"embeddable":true,"href":"http:\/\/apajhetvous.apajh.org\/plateformederepitdelain\/wp-json\/wp\/v2\/users\/4"}],"replies":[{"embeddable":true,"href":"http:\/\/apajhetvous.apajh.org\/plateformederepitdelain\/wp-json\/wp\/v2\/comments?post=1118"}],"version-history":[{"count":11,"href":"http:\/\/apajhetvous.apajh.org\/plateformederepitdelain\/wp-json\/wp\/v2\/posts\/1118\/revisions"}],"predecessor-version":[{"id":1130,"href":"http:\/\/apajhetvous.apajh.org\/plateformederepitdelain\/wp-json\/wp\/v2\/posts\/1118\/revisions\/1130"}],"wp:featuredmedia":[{"embeddable":true,"href":"http:\/\/apajhetvous.apajh.org\/plateformederepitdelain\/wp-json\/wp\/v2\/media\/1121"}],"wp:attachment":[{"href":"http:\/\/apajhetvous.apajh.org\/plateformederepitdelain\/wp-json\/wp\/v2\/media?parent=1118"}],"wp:term":[{"taxonomy":"category","embeddable":true,"href":"http:\/\/apajhetvous.apajh.org\/plateformederepitdelain\/wp-json\/wp\/v2\/categories?post=1118"},{"taxonomy":"post_tag","embeddable":true,"href":"http:\/\/apajhetvous.apajh.org\/plateformederepitdelain\/wp-json\/wp\/v2\/tags?post=1118"}],"curies":[{"name":"wp","href":"https:\/\/api.w.org\/{rel}","templated":true}]}}