{"id":1858,"date":"2025-01-02T12:13:23","date_gmt":"2025-01-02T11:13:23","guid":{"rendered":"https:\/\/apajhetvous.apajh.org\/plateformederepitdelain\/?p=1858"},"modified":"2025-01-15T14:52:52","modified_gmt":"2025-01-15T13:52:52","slug":"ateliers-jade-2025","status":"publish","type":"post","link":"http:\/\/apajhetvous.apajh.org\/plateformederepitdelain\/ateliers-jade-2025\/","title":{"rendered":"Ateliers JADE 2025 : des ateliers pour les jeunes aidants"},"content":{"rendered":"<p>C&rsquo;est le retour des \u202f<span style=\"color: #3366ff;\"><strong>ateliers th\u00e9\u00e2tre-r\u00e9pit JADE<\/strong><\/span> dans le Rh\u00f4ne (69)<strong>. <\/strong><\/p>\n<p>QUAND ? &#8211;&gt; Pendant la <u>premi\u00e8re semaine des vacances de f\u00e9vrier<\/u> (du 24 au 28 f\u00e9vrier 2025 inclus) et <u>la premi\u00e8re semaine des vacances d&rsquo;avril<\/u> (du 19 au 26 avril 2025 inclus)<\/p>\n<p>O\u00f9 ? &#8211;&gt; \u00e0 la Maison Familiale Rurale \u00ab La Palma \u00bb \u00e0 <span style=\"color: #3366ff;\"><strong>L\u2019Arbresle (69210<\/strong><\/span>).<\/p>\n<p>Pour qui ? &#8211;&gt; <strong><span style=\"color: #3366ff;\">des jeunes aidants \u00e2g\u00e9s de 8 \u00e0 18 ans<\/span>,\u202f<\/strong>qui s\u2019occupent d\u2019un parent, grand-parent fr\u00e8re ou s\u0153ur malade et\/ou handicap\u00e9.<\/p>\n<p>Ces ateliers se d\u00e9roulent sous forme de\u202f <span style=\"color: #3366ff;\"><b>s\u00e9jours en r\u00e9sidence <strong>encadr\u00e9s par des professionnels du th\u00e9\u00e2tre et d\u2019animation<\/strong><\/b>.\u202f<b>Les ateliers et les s\u00e9jours sont\u202fGRATUITS pour les jeunes.<\/b><\/span><\/p>\n<p>Vous pouvez voir le site internet de l&rsquo;association Jade <a href=\"https:\/\/jeunes-aidants.com\/\">en cliquant ici<\/a><\/p>\n<p><span style=\"color: #3366ff;\"><b><a style=\"color: #3366ff;\" href=\"http:\/\/apajhetvous.apajh.org\/plateformederepitdelain\/wp-content\/uploads\/2025\/01\/2025_JADE-flyer-2025.pdf\">Consulter le flyer ici<\/a><\/b><\/span><\/p>\n<p>&nbsp;<\/p>\n","protected":false},"excerpt":{"rendered":"<p>C&rsquo;est le retour des \u202fateliers th\u00e9\u00e2tre-r\u00e9pit JADE dans le Rh\u00f4ne (69). QUAND ? &#8211;&gt; Pendant la premi\u00e8re semaine des vacances de f\u00e9vrier (du 24 au 28 f\u00e9vrier 2025 inclus) et la premi\u00e8re semaine des vacances d&rsquo;avril (du 19 au 26 avril 2025 inclus) O\u00f9 ? &#8211;&gt; \u00e0 la Maison Familiale Rurale \u00ab La Palma \u00bb<\/p>\n","protected":false},"author":4,"featured_media":1860,"comment_status":"closed","ping_status":"closed","sticky":false,"template":"","format":"standard","meta":{"_exactmetrics_skip_tracking":false,"_exactmetrics_sitenote_active":false,"_exactmetrics_sitenote_note":"","_exactmetrics_sitenote_category":0,"footnotes":""},"categories":[4],"tags":[143,104],"class_list":["post-1858","post","type-post","status-publish","format-standard","has-post-thumbnail","hentry","category-au-quotidien","tag-jade","tag-jeunes-aidants"],"yoast_head":"<!-- This site is optimized with the Yoast SEO plugin v27.3 - https:\/\/yoast.com\/product\/yoast-seo-wordpress\/ -->\n<title>Ateliers JADE 2025 : des ateliers pour les jeunes aidants - PLATEFORME DE R\u00c9PIT DE L&#039;AIN<\/title>\n<meta name=\"robots\" content=\"index, follow, max-snippet:-1, max-image-preview:large, max-video-preview:-1\" \/>\n<link rel=\"canonical\" href=\"https:\/\/apajhetvous.apajh.org\/plateformederepitdelain\/ateliers-jade-2025\/\" \/>\n<meta property=\"og:locale\" content=\"fr_FR\" \/>\n<meta property=\"og:type\" content=\"article\" \/>\n<meta property=\"og:title\" content=\"Ateliers JADE 2025 : des ateliers pour les jeunes aidants - PLATEFORME DE R\u00c9PIT DE L&#039;AIN\" \/>\n<meta property=\"og:description\" content=\"C&rsquo;est le retour des \u202fateliers th\u00e9\u00e2tre-r\u00e9pit JADE dans le Rh\u00f4ne (69). QUAND ? &#8211;&gt; Pendant la premi\u00e8re semaine des vacances de f\u00e9vrier (du 24 au 28 f\u00e9vrier 2025 inclus) et la premi\u00e8re semaine des vacances d&rsquo;avril (du 19 au 26 avril 2025 inclus) O\u00f9 ? &#8211;&gt; \u00e0 la Maison Familiale Rurale \u00ab La Palma \u00bb\" \/>\n<meta property=\"og:url\" content=\"https:\/\/apajhetvous.apajh.org\/plateformederepitdelain\/ateliers-jade-2025\/\" \/>\n<meta property=\"og:site_name\" content=\"PLATEFORME DE R\u00c9PIT DE L&#039;AIN\" \/>\n<meta property=\"article:published_time\" content=\"2025-01-02T11:13:23+00:00\" \/>\n<meta property=\"article:modified_time\" content=\"2025-01-15T13:52:52+00:00\" \/>\n<meta property=\"og:image\" content=\"https:\/\/apajhetvous.apajh.org\/plateformederepitdelain\/wp-content\/uploads\/2025\/01\/jeune-aidant-l.jpg\" \/>\n\t<meta property=\"og:image:width\" content=\"960\" \/>\n\t<meta property=\"og:image:height\" content=\"606\" \/>\n\t<meta property=\"og:image:type\" content=\"image\/jpeg\" \/>\n<meta name=\"author\" content=\"ang\u00e9lique mermet\" \/>\n<meta name=\"twitter:card\" content=\"summary_large_image\" \/>\n<meta name=\"twitter:label1\" content=\"\u00c9crit par\" \/>\n\t<meta name=\"twitter:data1\" content=\"ang\u00e9lique mermet\" \/>\n\t<meta name=\"twitter:label2\" content=\"Dur\u00e9e de lecture estim\u00e9e\" \/>\n\t<meta name=\"twitter:data2\" content=\"1 minute\" \/>\n<script type=\"application\/ld+json\" class=\"yoast-schema-graph\">{\"@context\":\"https:\\\/\\\/schema.org\",\"@graph\":[{\"@type\":\"Article\",\"@id\":\"https:\\\/\\\/apajhetvous.apajh.org\\\/plateformederepitdelain\\\/ateliers-jade-2025\\\/#article\",\"isPartOf\":{\"@id\":\"https:\\\/\\\/apajhetvous.apajh.org\\\/plateformederepitdelain\\\/ateliers-jade-2025\\\/\"},\"author\":{\"name\":\"ang\u00e9lique mermet\",\"@id\":\"https:\\\/\\\/apajhetvous.apajh.org\\\/plateformederepitdelain\\\/#\\\/schema\\\/person\\\/90be931d8332ca958c286bc229ccccd1\"},\"headline\":\"Ateliers JADE 2025 : des ateliers pour les jeunes aidants\",\"datePublished\":\"2025-01-02T11:13:23+00:00\",\"dateModified\":\"2025-01-15T13:52:52+00:00\",\"mainEntityOfPage\":{\"@id\":\"https:\\\/\\\/apajhetvous.apajh.org\\\/plateformederepitdelain\\\/ateliers-jade-2025\\\/\"},\"wordCount\":144,\"image\":{\"@id\":\"https:\\\/\\\/apajhetvous.apajh.org\\\/plateformederepitdelain\\\/ateliers-jade-2025\\\/#primaryimage\"},\"thumbnailUrl\":\"http:\\\/\\\/apajhetvous.apajh.org\\\/plateformederepitdelain\\\/wp-content\\\/uploads\\\/2025\\\/01\\\/jeune-aidant-l.jpg\",\"keywords\":[\"JADE\",\"jeunes aidants\"],\"articleSection\":[\"Actualit\u00e9s\"],\"inLanguage\":\"fr-FR\"},{\"@type\":\"WebPage\",\"@id\":\"https:\\\/\\\/apajhetvous.apajh.org\\\/plateformederepitdelain\\\/ateliers-jade-2025\\\/\",\"url\":\"https:\\\/\\\/apajhetvous.apajh.org\\\/plateformederepitdelain\\\/ateliers-jade-2025\\\/\",\"name\":\"Ateliers JADE 2025 : des ateliers pour les jeunes aidants - PLATEFORME DE R\u00c9PIT DE L&#039;AIN\",\"isPartOf\":{\"@id\":\"https:\\\/\\\/apajhetvous.apajh.org\\\/plateformederepitdelain\\\/#website\"},\"primaryImageOfPage\":{\"@id\":\"https:\\\/\\\/apajhetvous.apajh.org\\\/plateformederepitdelain\\\/ateliers-jade-2025\\\/#primaryimage\"},\"image\":{\"@id\":\"https:\\\/\\\/apajhetvous.apajh.org\\\/plateformederepitdelain\\\/ateliers-jade-2025\\\/#primaryimage\"},\"thumbnailUrl\":\"http:\\\/\\\/apajhetvous.apajh.org\\\/plateformederepitdelain\\\/wp-content\\\/uploads\\\/2025\\\/01\\\/jeune-aidant-l.jpg\",\"datePublished\":\"2025-01-02T11:13:23+00:00\",\"dateModified\":\"2025-01-15T13:52:52+00:00\",\"author\":{\"@id\":\"https:\\\/\\\/apajhetvous.apajh.org\\\/plateformederepitdelain\\\/#\\\/schema\\\/person\\\/90be931d8332ca958c286bc229ccccd1\"},\"breadcrumb\":{\"@id\":\"https:\\\/\\\/apajhetvous.apajh.org\\\/plateformederepitdelain\\\/ateliers-jade-2025\\\/#breadcrumb\"},\"inLanguage\":\"fr-FR\",\"potentialAction\":[{\"@type\":\"ReadAction\",\"target\":[\"https:\\\/\\\/apajhetvous.apajh.org\\\/plateformederepitdelain\\\/ateliers-jade-2025\\\/\"]}]},{\"@type\":\"ImageObject\",\"inLanguage\":\"fr-FR\",\"@id\":\"https:\\\/\\\/apajhetvous.apajh.org\\\/plateformederepitdelain\\\/ateliers-jade-2025\\\/#primaryimage\",\"url\":\"http:\\\/\\\/apajhetvous.apajh.org\\\/plateformederepitdelain\\\/wp-content\\\/uploads\\\/2025\\\/01\\\/jeune-aidant-l.jpg\",\"contentUrl\":\"http:\\\/\\\/apajhetvous.apajh.org\\\/plateformederepitdelain\\\/wp-content\\\/uploads\\\/2025\\\/01\\\/jeune-aidant-l.jpg\",\"width\":960,\"height\":606},{\"@type\":\"BreadcrumbList\",\"@id\":\"https:\\\/\\\/apajhetvous.apajh.org\\\/plateformederepitdelain\\\/ateliers-jade-2025\\\/#breadcrumb\",\"itemListElement\":[{\"@type\":\"ListItem\",\"position\":1,\"name\":\"Accueil\",\"item\":\"https:\\\/\\\/apajhetvous.apajh.org\\\/plateformederepitdelain\\\/\"},{\"@type\":\"ListItem\",\"position\":2,\"name\":\"Ateliers JADE 2025 : des ateliers pour les jeunes aidants\"}]},{\"@type\":\"WebSite\",\"@id\":\"https:\\\/\\\/apajhetvous.apajh.org\\\/plateformederepitdelain\\\/#website\",\"url\":\"https:\\\/\\\/apajhetvous.apajh.org\\\/plateformederepitdelain\\\/\",\"name\":\"PLATEFORME DE R\u00c9PIT DE L&#039;AIN\",\"description\":\"APAJH\",\"potentialAction\":[{\"@type\":\"SearchAction\",\"target\":{\"@type\":\"EntryPoint\",\"urlTemplate\":\"https:\\\/\\\/apajhetvous.apajh.org\\\/plateformederepitdelain\\\/?s={search_term_string}\"},\"query-input\":{\"@type\":\"PropertyValueSpecification\",\"valueRequired\":true,\"valueName\":\"search_term_string\"}}],\"inLanguage\":\"fr-FR\"},{\"@type\":\"Person\",\"@id\":\"https:\\\/\\\/apajhetvous.apajh.org\\\/plateformederepitdelain\\\/#\\\/schema\\\/person\\\/90be931d8332ca958c286bc229ccccd1\",\"name\":\"ang\u00e9lique mermet\",\"image\":{\"@type\":\"ImageObject\",\"inLanguage\":\"fr-FR\",\"@id\":\"https:\\\/\\\/secure.gravatar.com\\\/avatar\\\/e936eb366bedac64025cc82a6ff20ca2855575c1b2d689e99a6872a8ed13cf35?s=96&d=mm&r=g\",\"url\":\"https:\\\/\\\/secure.gravatar.com\\\/avatar\\\/e936eb366bedac64025cc82a6ff20ca2855575c1b2d689e99a6872a8ed13cf35?s=96&d=mm&r=g\",\"contentUrl\":\"https:\\\/\\\/secure.gravatar.com\\\/avatar\\\/e936eb366bedac64025cc82a6ff20ca2855575c1b2d689e99a6872a8ed13cf35?s=96&d=mm&r=g\",\"caption\":\"ang\u00e9lique mermet\"},\"url\":\"http:\\\/\\\/apajhetvous.apajh.org\\\/plateformederepitdelain\\\/author\\\/amermet\\\/\"}]}<\/script>\n<!-- \/ Yoast SEO plugin. -->","yoast_head_json":{"title":"Ateliers JADE 2025 : des ateliers pour les jeunes aidants - PLATEFORME DE R\u00c9PIT DE L&#039;AIN","robots":{"index":"index","follow":"follow","max-snippet":"max-snippet:-1","max-image-preview":"max-image-preview:large","max-video-preview":"max-video-preview:-1"},"canonical":"https:\/\/apajhetvous.apajh.org\/plateformederepitdelain\/ateliers-jade-2025\/","og_locale":"fr_FR","og_type":"article","og_title":"Ateliers JADE 2025 : des ateliers pour les jeunes aidants - PLATEFORME DE R\u00c9PIT DE L&#039;AIN","og_description":"C&rsquo;est le retour des \u202fateliers th\u00e9\u00e2tre-r\u00e9pit JADE dans le Rh\u00f4ne (69). QUAND ? &#8211;&gt; Pendant la premi\u00e8re semaine des vacances de f\u00e9vrier (du 24 au 28 f\u00e9vrier 2025 inclus) et la premi\u00e8re semaine des vacances d&rsquo;avril (du 19 au 26 avril 2025 inclus) O\u00f9 ? &#8211;&gt; \u00e0 la Maison Familiale Rurale \u00ab La Palma \u00bb","og_url":"https:\/\/apajhetvous.apajh.org\/plateformederepitdelain\/ateliers-jade-2025\/","og_site_name":"PLATEFORME DE R\u00c9PIT DE L&#039;AIN","article_published_time":"2025-01-02T11:13:23+00:00","article_modified_time":"2025-01-15T13:52:52+00:00","og_image":[{"width":960,"height":606,"url":"https:\/\/apajhetvous.apajh.org\/plateformederepitdelain\/wp-content\/uploads\/2025\/01\/jeune-aidant-l.jpg","type":"image\/jpeg"}],"author":"ang\u00e9lique mermet","twitter_card":"summary_large_image","twitter_misc":{"\u00c9crit par":"ang\u00e9lique mermet","Dur\u00e9e de lecture estim\u00e9e":"1 minute"},"schema":{"@context":"https:\/\/schema.org","@graph":[{"@type":"Article","@id":"https:\/\/apajhetvous.apajh.org\/plateformederepitdelain\/ateliers-jade-2025\/#article","isPartOf":{"@id":"https:\/\/apajhetvous.apajh.org\/plateformederepitdelain\/ateliers-jade-2025\/"},"author":{"name":"ang\u00e9lique mermet","@id":"https:\/\/apajhetvous.apajh.org\/plateformederepitdelain\/#\/schema\/person\/90be931d8332ca958c286bc229ccccd1"},"headline":"Ateliers JADE 2025 : des ateliers pour les jeunes aidants","datePublished":"2025-01-02T11:13:23+00:00","dateModified":"2025-01-15T13:52:52+00:00","mainEntityOfPage":{"@id":"https:\/\/apajhetvous.apajh.org\/plateformederepitdelain\/ateliers-jade-2025\/"},"wordCount":144,"image":{"@id":"https:\/\/apajhetvous.apajh.org\/plateformederepitdelain\/ateliers-jade-2025\/#primaryimage"},"thumbnailUrl":"http:\/\/apajhetvous.apajh.org\/plateformederepitdelain\/wp-content\/uploads\/2025\/01\/jeune-aidant-l.jpg","keywords":["JADE","jeunes aidants"],"articleSection":["Actualit\u00e9s"],"inLanguage":"fr-FR"},{"@type":"WebPage","@id":"https:\/\/apajhetvous.apajh.org\/plateformederepitdelain\/ateliers-jade-2025\/","url":"https:\/\/apajhetvous.apajh.org\/plateformederepitdelain\/ateliers-jade-2025\/","name":"Ateliers JADE 2025 : des ateliers pour les jeunes aidants - PLATEFORME DE R\u00c9PIT DE L&#039;AIN","isPartOf":{"@id":"https:\/\/apajhetvous.apajh.org\/plateformederepitdelain\/#website"},"primaryImageOfPage":{"@id":"https:\/\/apajhetvous.apajh.org\/plateformederepitdelain\/ateliers-jade-2025\/#primaryimage"},"image":{"@id":"https:\/\/apajhetvous.apajh.org\/plateformederepitdelain\/ateliers-jade-2025\/#primaryimage"},"thumbnailUrl":"http:\/\/apajhetvous.apajh.org\/plateformederepitdelain\/wp-content\/uploads\/2025\/01\/jeune-aidant-l.jpg","datePublished":"2025-01-02T11:13:23+00:00","dateModified":"2025-01-15T13:52:52+00:00","author":{"@id":"https:\/\/apajhetvous.apajh.org\/plateformederepitdelain\/#\/schema\/person\/90be931d8332ca958c286bc229ccccd1"},"breadcrumb":{"@id":"https:\/\/apajhetvous.apajh.org\/plateformederepitdelain\/ateliers-jade-2025\/#breadcrumb"},"inLanguage":"fr-FR","potentialAction":[{"@type":"ReadAction","target":["https:\/\/apajhetvous.apajh.org\/plateformederepitdelain\/ateliers-jade-2025\/"]}]},{"@type":"ImageObject","inLanguage":"fr-FR","@id":"https:\/\/apajhetvous.apajh.org\/plateformederepitdelain\/ateliers-jade-2025\/#primaryimage","url":"http:\/\/apajhetvous.apajh.org\/plateformederepitdelain\/wp-content\/uploads\/2025\/01\/jeune-aidant-l.jpg","contentUrl":"http:\/\/apajhetvous.apajh.org\/plateformederepitdelain\/wp-content\/uploads\/2025\/01\/jeune-aidant-l.jpg","width":960,"height":606},{"@type":"BreadcrumbList","@id":"https:\/\/apajhetvous.apajh.org\/plateformederepitdelain\/ateliers-jade-2025\/#breadcrumb","itemListElement":[{"@type":"ListItem","position":1,"name":"Accueil","item":"https:\/\/apajhetvous.apajh.org\/plateformederepitdelain\/"},{"@type":"ListItem","position":2,"name":"Ateliers JADE 2025 : des ateliers pour les jeunes aidants"}]},{"@type":"WebSite","@id":"https:\/\/apajhetvous.apajh.org\/plateformederepitdelain\/#website","url":"https:\/\/apajhetvous.apajh.org\/plateformederepitdelain\/","name":"PLATEFORME DE R\u00c9PIT DE L&#039;AIN","description":"APAJH","potentialAction":[{"@type":"SearchAction","target":{"@type":"EntryPoint","urlTemplate":"https:\/\/apajhetvous.apajh.org\/plateformederepitdelain\/?s={search_term_string}"},"query-input":{"@type":"PropertyValueSpecification","valueRequired":true,"valueName":"search_term_string"}}],"inLanguage":"fr-FR"},{"@type":"Person","@id":"https:\/\/apajhetvous.apajh.org\/plateformederepitdelain\/#\/schema\/person\/90be931d8332ca958c286bc229ccccd1","name":"ang\u00e9lique mermet","image":{"@type":"ImageObject","inLanguage":"fr-FR","@id":"https:\/\/secure.gravatar.com\/avatar\/e936eb366bedac64025cc82a6ff20ca2855575c1b2d689e99a6872a8ed13cf35?s=96&d=mm&r=g","url":"https:\/\/secure.gravatar.com\/avatar\/e936eb366bedac64025cc82a6ff20ca2855575c1b2d689e99a6872a8ed13cf35?s=96&d=mm&r=g","contentUrl":"https:\/\/secure.gravatar.com\/avatar\/e936eb366bedac64025cc82a6ff20ca2855575c1b2d689e99a6872a8ed13cf35?s=96&d=mm&r=g","caption":"ang\u00e9lique mermet"},"url":"http:\/\/apajhetvous.apajh.org\/plateformederepitdelain\/author\/amermet\/"}]}},"_links":{"self":[{"href":"http:\/\/apajhetvous.apajh.org\/plateformederepitdelain\/wp-json\/wp\/v2\/posts\/1858","targetHints":{"allow":["GET"]}}],"collection":[{"href":"http:\/\/apajhetvous.apajh.org\/plateformederepitdelain\/wp-json\/wp\/v2\/posts"}],"about":[{"href":"http:\/\/apajhetvous.apajh.org\/plateformederepitdelain\/wp-json\/wp\/v2\/types\/post"}],"author":[{"embeddable":true,"href":"http:\/\/apajhetvous.apajh.org\/plateformederepitdelain\/wp-json\/wp\/v2\/users\/4"}],"replies":[{"embeddable":true,"href":"http:\/\/apajhetvous.apajh.org\/plateformederepitdelain\/wp-json\/wp\/v2\/comments?post=1858"}],"version-history":[{"count":6,"href":"http:\/\/apajhetvous.apajh.org\/plateformederepitdelain\/wp-json\/wp\/v2\/posts\/1858\/revisions"}],"predecessor-version":[{"id":1907,"href":"http:\/\/apajhetvous.apajh.org\/plateformederepitdelain\/wp-json\/wp\/v2\/posts\/1858\/revisions\/1907"}],"wp:featuredmedia":[{"embeddable":true,"href":"http:\/\/apajhetvous.apajh.org\/plateformederepitdelain\/wp-json\/wp\/v2\/media\/1860"}],"wp:attachment":[{"href":"http:\/\/apajhetvous.apajh.org\/plateformederepitdelain\/wp-json\/wp\/v2\/media?parent=1858"}],"wp:term":[{"taxonomy":"category","embeddable":true,"href":"http:\/\/apajhetvous.apajh.org\/plateformederepitdelain\/wp-json\/wp\/v2\/categories?post=1858"},{"taxonomy":"post_tag","embeddable":true,"href":"http:\/\/apajhetvous.apajh.org\/plateformederepitdelain\/wp-json\/wp\/v2\/tags?post=1858"}],"curies":[{"name":"wp","href":"https:\/\/api.w.org\/{rel}","templated":true}]}}