{"id":1341,"date":"2026-09-03T15:03:32","date_gmt":"2026-09-03T13:03:32","guid":{"rendered":"https:\/\/apajhetvous.apajh.org\/Plateforme-emploi-autonomie-Cotiere-Pays-de-Gex\/?p=1341"},"modified":"2026-09-03T15:03:33","modified_gmt":"2026-09-03T13:03:33","slug":"lesat-de-la-cotiere-et-du-pays-de-gex-debarque-sur-instagram","status":"publish","type":"post","link":"https:\/\/apajhetvous.apajh.org\/Plateforme-emploi-autonomie-Cotiere-Pays-de-Gex\/2026\/09\/03\/lesat-de-la-cotiere-et-du-pays-de-gex-debarque-sur-instagram\/","title":{"rendered":"L\u2019ESAT de la C\u00f4ti\u00e8re et du Pays de Gex d\u00e9barque sur Instagram !"},"content":{"rendered":"\n<p>L&rsquo;ESAT de Meximieux et de Ferney-Voltaire \u00e0 l&rsquo;A&#8230;..PAJH !<\/p>\n\n\n\n<p>Pour suivre au plus pr\u00e8s le quotidien de notre \u00e9tablissement, nos activit\u00e9s et le savoir-faire de nos \u00e9quipes, rejoignez-nous d\u00e8s maintenant sur notre tout nouveau compte officiel : <strong>@esat.cotiere.gex<\/strong>.<\/p>\n\n\n\n<p><strong>Ce que vous y trouverez :<\/strong><\/p>\n\n\n\n<p><strong>Les coulisses<\/strong> de nos diff\u00e9rents ateliers (Entretien des espaces verts, sous-traitance industrielle, entretien des locaux professionnels, blanchisserie\u2026).<\/p>\n\n\n\n<p><strong>Les prestations <\/strong>de l&rsquo;\u00e9tablissement au service des entreprises <\/p>\n\n\n\n<p><strong>Nos actualit\u00e9s<\/strong>, nos \u00e9v\u00e9nements et nos nouveaux projets.<\/p>\n\n\n\n<p><strong>Des stories <\/strong>des travailleurs !<\/p>\n\n\n\n<p><strong>Des t\u00e9moignages<\/strong> de clients, de familles et amis de l&rsquo;ESAT&#8230;<\/p>\n\n\n\n<p>En nous suivant, vous soutenez le travail social et solidaire de notre territoire tout en restant inform\u00e9s de nos prestations.<\/p>\n\n\n\n<p>Abonnez-vous, aimez et partagez nos publications pour faire rayonner l\u2019ESAT !<\/p>\n\n\n\n<p>\ud83d\udc49 Rendez-vous sur Instagram : <strong><a target=\"_blank\" rel=\"noreferrer noopener\" href=\"https:\/\/www.google.com\/search?q=https:\/\/www.instagram.com\/esat.cotiere.gex\">@esat.cotiere.gex<\/a><\/strong><\/p>\n","protected":false},"excerpt":{"rendered":"<p>L&rsquo;ESAT de Meximieux et de Ferney-Voltaire \u00e0 l&rsquo;A&#8230;..PAJH ! Pour suivre au plus pr\u00e8s le quotidien de notre \u00e9tablissement, nos activit\u00e9s et le savoir-faire de nos \u00e9quipes, rejoignez-nous d\u00e8s maintenant sur notre tout nouveau compte officiel : @esat.cotiere.gex. Ce que vous y trouverez : Les coulisses de nos diff\u00e9rents ateliers (Entretien des espaces verts, sous-traitance<\/p>\n","protected":false},"author":3,"featured_media":1344,"comment_status":"closed","ping_status":"closed","sticky":false,"template":"","format":"standard","meta":{"_monsterinsights_skip_tracking":false,"_monsterinsights_sitenote_active":false,"_monsterinsights_sitenote_note":"","_monsterinsights_sitenote_category":0,"footnotes":""},"categories":[3,1],"tags":[],"class_list":["post-1341","post","type-post","status-publish","format-standard","has-post-thumbnail","hentry","category-au-quotidien","category-non-classe"],"yoast_head":"<!-- This site is optimized with the Yoast SEO plugin v27.7 - https:\/\/yoast.com\/product\/yoast-seo-wordpress\/ -->\n<title>L\u2019ESAT de la C\u00f4ti\u00e8re et du Pays de Gex d\u00e9barque sur Instagram ! - Plateforme Emploi Autonomie C\u00f4ti\u00e8re et Pays de Gex<\/title>\n<meta name=\"robots\" content=\"index, follow, max-snippet:-1, max-image-preview:large, max-video-preview:-1\" \/>\n<link rel=\"canonical\" href=\"https:\/\/apajhetvous.apajh.org\/Plateforme-emploi-autonomie-Cotiere-Pays-de-Gex\/2026\/09\/03\/lesat-de-la-cotiere-et-du-pays-de-gex-debarque-sur-instagram\/\" \/>\n<meta property=\"og:locale\" content=\"fr_FR\" \/>\n<meta property=\"og:type\" content=\"article\" \/>\n<meta property=\"og:title\" content=\"L\u2019ESAT de la C\u00f4ti\u00e8re et du Pays de Gex d\u00e9barque sur Instagram ! - Plateforme Emploi Autonomie C\u00f4ti\u00e8re et Pays de Gex\" \/>\n<meta property=\"og:description\" content=\"L&rsquo;ESAT de Meximieux et de Ferney-Voltaire \u00e0 l&rsquo;A&#8230;..PAJH ! Pour suivre au plus pr\u00e8s le quotidien de notre \u00e9tablissement, nos activit\u00e9s et le savoir-faire de nos \u00e9quipes, rejoignez-nous d\u00e8s maintenant sur notre tout nouveau compte officiel : @esat.cotiere.gex. Ce que vous y trouverez : Les coulisses de nos diff\u00e9rents ateliers (Entretien des espaces verts, sous-traitance\" \/>\n<meta property=\"og:url\" content=\"https:\/\/apajhetvous.apajh.org\/Plateforme-emploi-autonomie-Cotiere-Pays-de-Gex\/2026\/09\/03\/lesat-de-la-cotiere-et-du-pays-de-gex-debarque-sur-instagram\/\" \/>\n<meta property=\"og:site_name\" content=\"Plateforme Emploi Autonomie C\u00f4ti\u00e8re et Pays de Gex\" \/>\n<meta property=\"article:published_time\" content=\"2026-09-03T13:03:32+00:00\" \/>\n<meta property=\"article:modified_time\" content=\"2026-09-03T13:03:33+00:00\" \/>\n<meta property=\"og:image\" content=\"https:\/\/apajhetvous.apajh.org\/Plateforme-emploi-autonomie-Cotiere-Pays-de-Gex\/wp-content\/uploads\/2026\/09\/insta-esat-ok.png\" \/>\n\t<meta property=\"og:image:width\" content=\"681\" \/>\n\t<meta property=\"og:image:height\" content=\"228\" \/>\n\t<meta property=\"og:image:type\" content=\"image\/png\" \/>\n<meta name=\"author\" content=\"Alexandre Cure\" \/>\n<meta name=\"twitter:card\" content=\"summary_large_image\" \/>\n<meta name=\"twitter:label1\" content=\"\u00c9crit par\" \/>\n\t<meta name=\"twitter:data1\" content=\"Alexandre Cure\" \/>\n\t<meta name=\"twitter:label2\" content=\"Dur\u00e9e de lecture estim\u00e9e\" \/>\n\t<meta name=\"twitter:data2\" content=\"1 minute\" \/>\n<script type=\"application\/ld+json\" class=\"yoast-schema-graph\">{\"@context\":\"https:\\\/\\\/schema.org\",\"@graph\":[{\"@type\":\"Article\",\"@id\":\"https:\\\/\\\/apajhetvous.apajh.org\\\/Plateforme-emploi-autonomie-Cotiere-Pays-de-Gex\\\/2026\\\/09\\\/03\\\/lesat-de-la-cotiere-et-du-pays-de-gex-debarque-sur-instagram\\\/#article\",\"isPartOf\":{\"@id\":\"https:\\\/\\\/apajhetvous.apajh.org\\\/Plateforme-emploi-autonomie-Cotiere-Pays-de-Gex\\\/2026\\\/09\\\/03\\\/lesat-de-la-cotiere-et-du-pays-de-gex-debarque-sur-instagram\\\/\"},\"author\":{\"name\":\"Alexandre Cure\",\"@id\":\"https:\\\/\\\/apajhetvous.apajh.org\\\/Plateforme-emploi-autonomie-Cotiere-Pays-de-Gex\\\/#\\\/schema\\\/person\\\/03aaaf3f3b68d5dfb684e38727bc9543\"},\"headline\":\"L\u2019ESAT de la C\u00f4ti\u00e8re et du Pays de Gex d\u00e9barque sur Instagram !\",\"datePublished\":\"2026-09-03T13:03:32+00:00\",\"dateModified\":\"2026-09-03T13:03:33+00:00\",\"mainEntityOfPage\":{\"@id\":\"https:\\\/\\\/apajhetvous.apajh.org\\\/Plateforme-emploi-autonomie-Cotiere-Pays-de-Gex\\\/2026\\\/09\\\/03\\\/lesat-de-la-cotiere-et-du-pays-de-gex-debarque-sur-instagram\\\/\"},\"wordCount\":155,\"image\":{\"@id\":\"https:\\\/\\\/apajhetvous.apajh.org\\\/Plateforme-emploi-autonomie-Cotiere-Pays-de-Gex\\\/2026\\\/09\\\/03\\\/lesat-de-la-cotiere-et-du-pays-de-gex-debarque-sur-instagram\\\/#primaryimage\"},\"thumbnailUrl\":\"https:\\\/\\\/apajhetvous.apajh.org\\\/Plateforme-emploi-autonomie-Cotiere-Pays-de-Gex\\\/wp-content\\\/uploads\\\/2026\\\/09\\\/insta-esat-ok.png\",\"articleSection\":[\"Au quotidien\"],\"inLanguage\":\"fr-FR\"},{\"@type\":\"WebPage\",\"@id\":\"https:\\\/\\\/apajhetvous.apajh.org\\\/Plateforme-emploi-autonomie-Cotiere-Pays-de-Gex\\\/2026\\\/09\\\/03\\\/lesat-de-la-cotiere-et-du-pays-de-gex-debarque-sur-instagram\\\/\",\"url\":\"https:\\\/\\\/apajhetvous.apajh.org\\\/Plateforme-emploi-autonomie-Cotiere-Pays-de-Gex\\\/2026\\\/09\\\/03\\\/lesat-de-la-cotiere-et-du-pays-de-gex-debarque-sur-instagram\\\/\",\"name\":\"L\u2019ESAT de la C\u00f4ti\u00e8re et du Pays de Gex d\u00e9barque sur Instagram ! - Plateforme Emploi Autonomie C\u00f4ti\u00e8re et Pays de Gex\",\"isPartOf\":{\"@id\":\"https:\\\/\\\/apajhetvous.apajh.org\\\/Plateforme-emploi-autonomie-Cotiere-Pays-de-Gex\\\/#website\"},\"primaryImageOfPage\":{\"@id\":\"https:\\\/\\\/apajhetvous.apajh.org\\\/Plateforme-emploi-autonomie-Cotiere-Pays-de-Gex\\\/2026\\\/09\\\/03\\\/lesat-de-la-cotiere-et-du-pays-de-gex-debarque-sur-instagram\\\/#primaryimage\"},\"image\":{\"@id\":\"https:\\\/\\\/apajhetvous.apajh.org\\\/Plateforme-emploi-autonomie-Cotiere-Pays-de-Gex\\\/2026\\\/09\\\/03\\\/lesat-de-la-cotiere-et-du-pays-de-gex-debarque-sur-instagram\\\/#primaryimage\"},\"thumbnailUrl\":\"https:\\\/\\\/apajhetvous.apajh.org\\\/Plateforme-emploi-autonomie-Cotiere-Pays-de-Gex\\\/wp-content\\\/uploads\\\/2026\\\/09\\\/insta-esat-ok.png\",\"datePublished\":\"2026-09-03T13:03:32+00:00\",\"dateModified\":\"2026-09-03T13:03:33+00:00\",\"author\":{\"@id\":\"https:\\\/\\\/apajhetvous.apajh.org\\\/Plateforme-emploi-autonomie-Cotiere-Pays-de-Gex\\\/#\\\/schema\\\/person\\\/03aaaf3f3b68d5dfb684e38727bc9543\"},\"breadcrumb\":{\"@id\":\"https:\\\/\\\/apajhetvous.apajh.org\\\/Plateforme-emploi-autonomie-Cotiere-Pays-de-Gex\\\/2026\\\/09\\\/03\\\/lesat-de-la-cotiere-et-du-pays-de-gex-debarque-sur-instagram\\\/#breadcrumb\"},\"inLanguage\":\"fr-FR\",\"potentialAction\":[{\"@type\":\"ReadAction\",\"target\":[\"https:\\\/\\\/apajhetvous.apajh.org\\\/Plateforme-emploi-autonomie-Cotiere-Pays-de-Gex\\\/2026\\\/09\\\/03\\\/lesat-de-la-cotiere-et-du-pays-de-gex-debarque-sur-instagram\\\/\"]}]},{\"@type\":\"ImageObject\",\"inLanguage\":\"fr-FR\",\"@id\":\"https:\\\/\\\/apajhetvous.apajh.org\\\/Plateforme-emploi-autonomie-Cotiere-Pays-de-Gex\\\/2026\\\/09\\\/03\\\/lesat-de-la-cotiere-et-du-pays-de-gex-debarque-sur-instagram\\\/#primaryimage\",\"url\":\"https:\\\/\\\/apajhetvous.apajh.org\\\/Plateforme-emploi-autonomie-Cotiere-Pays-de-Gex\\\/wp-content\\\/uploads\\\/2026\\\/09\\\/insta-esat-ok.png\",\"contentUrl\":\"https:\\\/\\\/apajhetvous.apajh.org\\\/Plateforme-emploi-autonomie-Cotiere-Pays-de-Gex\\\/wp-content\\\/uploads\\\/2026\\\/09\\\/insta-esat-ok.png\",\"width\":681,\"height\":228},{\"@type\":\"BreadcrumbList\",\"@id\":\"https:\\\/\\\/apajhetvous.apajh.org\\\/Plateforme-emploi-autonomie-Cotiere-Pays-de-Gex\\\/2026\\\/09\\\/03\\\/lesat-de-la-cotiere-et-du-pays-de-gex-debarque-sur-instagram\\\/#breadcrumb\",\"itemListElement\":[{\"@type\":\"ListItem\",\"position\":1,\"name\":\"Accueil\",\"item\":\"https:\\\/\\\/apajhetvous.apajh.org\\\/Plateforme-emploi-autonomie-Cotiere-Pays-de-Gex\\\/\"},{\"@type\":\"ListItem\",\"position\":2,\"name\":\"L\u2019ESAT de la C\u00f4ti\u00e8re et du Pays de Gex d\u00e9barque sur Instagram !\"}]},{\"@type\":\"WebSite\",\"@id\":\"https:\\\/\\\/apajhetvous.apajh.org\\\/Plateforme-emploi-autonomie-Cotiere-Pays-de-Gex\\\/#website\",\"url\":\"https:\\\/\\\/apajhetvous.apajh.org\\\/Plateforme-emploi-autonomie-Cotiere-Pays-de-Gex\\\/\",\"name\":\"Plateforme Emploi Autonomie C\u00f4ti\u00e8re et Pays de Gex\",\"description\":\"\",\"potentialAction\":[{\"@type\":\"SearchAction\",\"target\":{\"@type\":\"EntryPoint\",\"urlTemplate\":\"https:\\\/\\\/apajhetvous.apajh.org\\\/Plateforme-emploi-autonomie-Cotiere-Pays-de-Gex\\\/?s={search_term_string}\"},\"query-input\":{\"@type\":\"PropertyValueSpecification\",\"valueRequired\":true,\"valueName\":\"search_term_string\"}}],\"inLanguage\":\"fr-FR\"},{\"@type\":\"Person\",\"@id\":\"https:\\\/\\\/apajhetvous.apajh.org\\\/Plateforme-emploi-autonomie-Cotiere-Pays-de-Gex\\\/#\\\/schema\\\/person\\\/03aaaf3f3b68d5dfb684e38727bc9543\",\"name\":\"Alexandre Cure\",\"image\":{\"@type\":\"ImageObject\",\"inLanguage\":\"fr-FR\",\"@id\":\"https:\\\/\\\/secure.gravatar.com\\\/avatar\\\/748d7386a82536d15628ee46aa86ebb843d9404cc3b2b33ca993278bf711244d?s=96&d=mm&r=g\",\"url\":\"https:\\\/\\\/secure.gravatar.com\\\/avatar\\\/748d7386a82536d15628ee46aa86ebb843d9404cc3b2b33ca993278bf711244d?s=96&d=mm&r=g\",\"contentUrl\":\"https:\\\/\\\/secure.gravatar.com\\\/avatar\\\/748d7386a82536d15628ee46aa86ebb843d9404cc3b2b33ca993278bf711244d?s=96&d=mm&r=g\",\"caption\":\"Alexandre Cure\"},\"sameAs\":[\"https:\\\/\\\/www.linkedin.com\\\/in\\\/esat-apajh-de-la-ctire-et-du-pays-de-gex-bb9b492b7\\\/?originalSubdomain=fr\"],\"url\":\"https:\\\/\\\/apajhetvous.apajh.org\\\/Plateforme-emploi-autonomie-Cotiere-Pays-de-Gex\\\/author\\\/acure\\\/\"}]}<\/script>\n<!-- \/ Yoast SEO plugin. -->","yoast_head_json":{"title":"L\u2019ESAT de la C\u00f4ti\u00e8re et du Pays de Gex d\u00e9barque sur Instagram ! - Plateforme Emploi Autonomie C\u00f4ti\u00e8re et Pays de Gex","robots":{"index":"index","follow":"follow","max-snippet":"max-snippet:-1","max-image-preview":"max-image-preview:large","max-video-preview":"max-video-preview:-1"},"canonical":"https:\/\/apajhetvous.apajh.org\/Plateforme-emploi-autonomie-Cotiere-Pays-de-Gex\/2026\/09\/03\/lesat-de-la-cotiere-et-du-pays-de-gex-debarque-sur-instagram\/","og_locale":"fr_FR","og_type":"article","og_title":"L\u2019ESAT de la C\u00f4ti\u00e8re et du Pays de Gex d\u00e9barque sur Instagram ! - Plateforme Emploi Autonomie C\u00f4ti\u00e8re et Pays de Gex","og_description":"L&rsquo;ESAT de Meximieux et de Ferney-Voltaire \u00e0 l&rsquo;A&#8230;..PAJH ! Pour suivre au plus pr\u00e8s le quotidien de notre \u00e9tablissement, nos activit\u00e9s et le savoir-faire de nos \u00e9quipes, rejoignez-nous d\u00e8s maintenant sur notre tout nouveau compte officiel : @esat.cotiere.gex. Ce que vous y trouverez : Les coulisses de nos diff\u00e9rents ateliers (Entretien des espaces verts, sous-traitance","og_url":"https:\/\/apajhetvous.apajh.org\/Plateforme-emploi-autonomie-Cotiere-Pays-de-Gex\/2026\/09\/03\/lesat-de-la-cotiere-et-du-pays-de-gex-debarque-sur-instagram\/","og_site_name":"Plateforme Emploi Autonomie C\u00f4ti\u00e8re et Pays de Gex","article_published_time":"2026-09-03T13:03:32+00:00","article_modified_time":"2026-09-03T13:03:33+00:00","og_image":[{"width":681,"height":228,"url":"https:\/\/apajhetvous.apajh.org\/Plateforme-emploi-autonomie-Cotiere-Pays-de-Gex\/wp-content\/uploads\/2026\/09\/insta-esat-ok.png","type":"image\/png"}],"author":"Alexandre Cure","twitter_card":"summary_large_image","twitter_misc":{"\u00c9crit par":"Alexandre Cure","Dur\u00e9e de lecture estim\u00e9e":"1 minute"},"schema":{"@context":"https:\/\/schema.org","@graph":[{"@type":"Article","@id":"https:\/\/apajhetvous.apajh.org\/Plateforme-emploi-autonomie-Cotiere-Pays-de-Gex\/2026\/09\/03\/lesat-de-la-cotiere-et-du-pays-de-gex-debarque-sur-instagram\/#article","isPartOf":{"@id":"https:\/\/apajhetvous.apajh.org\/Plateforme-emploi-autonomie-Cotiere-Pays-de-Gex\/2026\/09\/03\/lesat-de-la-cotiere-et-du-pays-de-gex-debarque-sur-instagram\/"},"author":{"name":"Alexandre Cure","@id":"https:\/\/apajhetvous.apajh.org\/Plateforme-emploi-autonomie-Cotiere-Pays-de-Gex\/#\/schema\/person\/03aaaf3f3b68d5dfb684e38727bc9543"},"headline":"L\u2019ESAT de la C\u00f4ti\u00e8re et du Pays de Gex d\u00e9barque sur Instagram !","datePublished":"2026-09-03T13:03:32+00:00","dateModified":"2026-09-03T13:03:33+00:00","mainEntityOfPage":{"@id":"https:\/\/apajhetvous.apajh.org\/Plateforme-emploi-autonomie-Cotiere-Pays-de-Gex\/2026\/09\/03\/lesat-de-la-cotiere-et-du-pays-de-gex-debarque-sur-instagram\/"},"wordCount":155,"image":{"@id":"https:\/\/apajhetvous.apajh.org\/Plateforme-emploi-autonomie-Cotiere-Pays-de-Gex\/2026\/09\/03\/lesat-de-la-cotiere-et-du-pays-de-gex-debarque-sur-instagram\/#primaryimage"},"thumbnailUrl":"https:\/\/apajhetvous.apajh.org\/Plateforme-emploi-autonomie-Cotiere-Pays-de-Gex\/wp-content\/uploads\/2026\/09\/insta-esat-ok.png","articleSection":["Au quotidien"],"inLanguage":"fr-FR"},{"@type":"WebPage","@id":"https:\/\/apajhetvous.apajh.org\/Plateforme-emploi-autonomie-Cotiere-Pays-de-Gex\/2026\/09\/03\/lesat-de-la-cotiere-et-du-pays-de-gex-debarque-sur-instagram\/","url":"https:\/\/apajhetvous.apajh.org\/Plateforme-emploi-autonomie-Cotiere-Pays-de-Gex\/2026\/09\/03\/lesat-de-la-cotiere-et-du-pays-de-gex-debarque-sur-instagram\/","name":"L\u2019ESAT de la C\u00f4ti\u00e8re et du Pays de Gex d\u00e9barque sur Instagram ! - Plateforme Emploi Autonomie C\u00f4ti\u00e8re et Pays de Gex","isPartOf":{"@id":"https:\/\/apajhetvous.apajh.org\/Plateforme-emploi-autonomie-Cotiere-Pays-de-Gex\/#website"},"primaryImageOfPage":{"@id":"https:\/\/apajhetvous.apajh.org\/Plateforme-emploi-autonomie-Cotiere-Pays-de-Gex\/2026\/09\/03\/lesat-de-la-cotiere-et-du-pays-de-gex-debarque-sur-instagram\/#primaryimage"},"image":{"@id":"https:\/\/apajhetvous.apajh.org\/Plateforme-emploi-autonomie-Cotiere-Pays-de-Gex\/2026\/09\/03\/lesat-de-la-cotiere-et-du-pays-de-gex-debarque-sur-instagram\/#primaryimage"},"thumbnailUrl":"https:\/\/apajhetvous.apajh.org\/Plateforme-emploi-autonomie-Cotiere-Pays-de-Gex\/wp-content\/uploads\/2026\/09\/insta-esat-ok.png","datePublished":"2026-09-03T13:03:32+00:00","dateModified":"2026-09-03T13:03:33+00:00","author":{"@id":"https:\/\/apajhetvous.apajh.org\/Plateforme-emploi-autonomie-Cotiere-Pays-de-Gex\/#\/schema\/person\/03aaaf3f3b68d5dfb684e38727bc9543"},"breadcrumb":{"@id":"https:\/\/apajhetvous.apajh.org\/Plateforme-emploi-autonomie-Cotiere-Pays-de-Gex\/2026\/09\/03\/lesat-de-la-cotiere-et-du-pays-de-gex-debarque-sur-instagram\/#breadcrumb"},"inLanguage":"fr-FR","potentialAction":[{"@type":"ReadAction","target":["https:\/\/apajhetvous.apajh.org\/Plateforme-emploi-autonomie-Cotiere-Pays-de-Gex\/2026\/09\/03\/lesat-de-la-cotiere-et-du-pays-de-gex-debarque-sur-instagram\/"]}]},{"@type":"ImageObject","inLanguage":"fr-FR","@id":"https:\/\/apajhetvous.apajh.org\/Plateforme-emploi-autonomie-Cotiere-Pays-de-Gex\/2026\/09\/03\/lesat-de-la-cotiere-et-du-pays-de-gex-debarque-sur-instagram\/#primaryimage","url":"https:\/\/apajhetvous.apajh.org\/Plateforme-emploi-autonomie-Cotiere-Pays-de-Gex\/wp-content\/uploads\/2026\/09\/insta-esat-ok.png","contentUrl":"https:\/\/apajhetvous.apajh.org\/Plateforme-emploi-autonomie-Cotiere-Pays-de-Gex\/wp-content\/uploads\/2026\/09\/insta-esat-ok.png","width":681,"height":228},{"@type":"BreadcrumbList","@id":"https:\/\/apajhetvous.apajh.org\/Plateforme-emploi-autonomie-Cotiere-Pays-de-Gex\/2026\/09\/03\/lesat-de-la-cotiere-et-du-pays-de-gex-debarque-sur-instagram\/#breadcrumb","itemListElement":[{"@type":"ListItem","position":1,"name":"Accueil","item":"https:\/\/apajhetvous.apajh.org\/Plateforme-emploi-autonomie-Cotiere-Pays-de-Gex\/"},{"@type":"ListItem","position":2,"name":"L\u2019ESAT de la C\u00f4ti\u00e8re et du Pays de Gex d\u00e9barque sur Instagram !"}]},{"@type":"WebSite","@id":"https:\/\/apajhetvous.apajh.org\/Plateforme-emploi-autonomie-Cotiere-Pays-de-Gex\/#website","url":"https:\/\/apajhetvous.apajh.org\/Plateforme-emploi-autonomie-Cotiere-Pays-de-Gex\/","name":"Plateforme Emploi Autonomie C\u00f4ti\u00e8re et Pays de Gex","description":"","potentialAction":[{"@type":"SearchAction","target":{"@type":"EntryPoint","urlTemplate":"https:\/\/apajhetvous.apajh.org\/Plateforme-emploi-autonomie-Cotiere-Pays-de-Gex\/?s={search_term_string}"},"query-input":{"@type":"PropertyValueSpecification","valueRequired":true,"valueName":"search_term_string"}}],"inLanguage":"fr-FR"},{"@type":"Person","@id":"https:\/\/apajhetvous.apajh.org\/Plateforme-emploi-autonomie-Cotiere-Pays-de-Gex\/#\/schema\/person\/03aaaf3f3b68d5dfb684e38727bc9543","name":"Alexandre Cure","image":{"@type":"ImageObject","inLanguage":"fr-FR","@id":"https:\/\/secure.gravatar.com\/avatar\/748d7386a82536d15628ee46aa86ebb843d9404cc3b2b33ca993278bf711244d?s=96&d=mm&r=g","url":"https:\/\/secure.gravatar.com\/avatar\/748d7386a82536d15628ee46aa86ebb843d9404cc3b2b33ca993278bf711244d?s=96&d=mm&r=g","contentUrl":"https:\/\/secure.gravatar.com\/avatar\/748d7386a82536d15628ee46aa86ebb843d9404cc3b2b33ca993278bf711244d?s=96&d=mm&r=g","caption":"Alexandre Cure"},"sameAs":["https:\/\/www.linkedin.com\/in\/esat-apajh-de-la-ctire-et-du-pays-de-gex-bb9b492b7\/?originalSubdomain=fr"],"url":"https:\/\/apajhetvous.apajh.org\/Plateforme-emploi-autonomie-Cotiere-Pays-de-Gex\/author\/acure\/"}]}},"_links":{"self":[{"href":"https:\/\/apajhetvous.apajh.org\/Plateforme-emploi-autonomie-Cotiere-Pays-de-Gex\/wp-json\/wp\/v2\/posts\/1341","targetHints":{"allow":["GET"]}}],"collection":[{"href":"https:\/\/apajhetvous.apajh.org\/Plateforme-emploi-autonomie-Cotiere-Pays-de-Gex\/wp-json\/wp\/v2\/posts"}],"about":[{"href":"https:\/\/apajhetvous.apajh.org\/Plateforme-emploi-autonomie-Cotiere-Pays-de-Gex\/wp-json\/wp\/v2\/types\/post"}],"author":[{"embeddable":true,"href":"https:\/\/apajhetvous.apajh.org\/Plateforme-emploi-autonomie-Cotiere-Pays-de-Gex\/wp-json\/wp\/v2\/users\/3"}],"replies":[{"embeddable":true,"href":"https:\/\/apajhetvous.apajh.org\/Plateforme-emploi-autonomie-Cotiere-Pays-de-Gex\/wp-json\/wp\/v2\/comments?post=1341"}],"version-history":[{"count":3,"href":"https:\/\/apajhetvous.apajh.org\/Plateforme-emploi-autonomie-Cotiere-Pays-de-Gex\/wp-json\/wp\/v2\/posts\/1341\/revisions"}],"predecessor-version":[{"id":1347,"href":"https:\/\/apajhetvous.apajh.org\/Plateforme-emploi-autonomie-Cotiere-Pays-de-Gex\/wp-json\/wp\/v2\/posts\/1341\/revisions\/1347"}],"wp:featuredmedia":[{"embeddable":true,"href":"https:\/\/apajhetvous.apajh.org\/Plateforme-emploi-autonomie-Cotiere-Pays-de-Gex\/wp-json\/wp\/v2\/media\/1344"}],"wp:attachment":[{"href":"https:\/\/apajhetvous.apajh.org\/Plateforme-emploi-autonomie-Cotiere-Pays-de-Gex\/wp-json\/wp\/v2\/media?parent=1341"}],"wp:term":[{"taxonomy":"category","embeddable":true,"href":"https:\/\/apajhetvous.apajh.org\/Plateforme-emploi-autonomie-Cotiere-Pays-de-Gex\/wp-json\/wp\/v2\/categories?post=1341"},{"taxonomy":"post_tag","embeddable":true,"href":"https:\/\/apajhetvous.apajh.org\/Plateforme-emploi-autonomie-Cotiere-Pays-de-Gex\/wp-json\/wp\/v2\/tags?post=1341"}],"curies":[{"name":"wp","href":"https:\/\/api.w.org\/{rel}","templated":true}]}}