{"id":1348,"date":"2026-09-04T10:07:32","date_gmt":"2026-09-04T08:07:32","guid":{"rendered":"https:\/\/apajhetvous.apajh.org\/Plateforme-emploi-autonomie-Cotiere-Pays-de-Gex\/?p=1348"},"modified":"2026-09-04T10:07:33","modified_gmt":"2026-09-04T08:07:33","slug":"lautonomie-au-coeur-du-metier-la-brigade-entretien-des-locaux-monte-en-puissance","status":"publish","type":"post","link":"https:\/\/apajhetvous.apajh.org\/Plateforme-emploi-autonomie-Cotiere-Pays-de-Gex\/2026\/09\/04\/lautonomie-au-coeur-du-metier-la-brigade-entretien-des-locaux-monte-en-puissance\/","title":{"rendered":"L\u2019autonomie au c\u0153ur du m\u00e9tier : la brigade Entretien des Locaux monte en puissance"},"content":{"rendered":"\n<p>Au sein de notre ESAT, la brigade des travailleurs d\u00e9di\u00e9e \u00e0 l\u2019Entretien des Locaux (EDL) illustre chaque jour une dynamique exemplaire de mont\u00e9e en comp\u00e9tences et d&rsquo;autonomie. Qu\u2019il s\u2019agisse d\u2019intervenir au sein de nos propres structures \u2014 comme l\u2019ESAT, le SAVS ou le SAJ \u2014 ou directement chez nos clients professionnels, les \u00e9quipes font preuve d\u2019un savoir-faire et d&rsquo;une rigueur remarquables.<\/p>\n\n\n\n<p><strong>Des outils adapt\u00e9s pour une organisation ma\u00eetris\u00e9e<\/strong><\/p>\n\n\n\n<p>Pour mener \u00e0 bien leurs missions, les travailleurs s\u2019appuient sur des outils de travail sp\u00e9cifiquement adapt\u00e9s. Plannings visuels, fiches de postes simplifi\u00e9es, checklists ergonomiques et mat\u00e9riel professionnel ergonomique permettent \u00e0 chacun de se rep\u00e9rer facilement dans le temps et l\u2019espace. Cette organisation m\u00e9thodique s\u00e9curise les interventions, facilite la r\u00e9partition des t\u00e2ches et garantit un niveau de prestation conforme aux exigences des clients.<\/p>\n\n\n\n<figure class=\"wp-block-image size-full is-resized\"><img loading=\"lazy\" decoding=\"async\" width=\"480\" height=\"640\" src=\"https:\/\/apajhetvous.apajh.org\/Plateforme-emploi-autonomie-Cotiere-Pays-de-Gex\/wp-content\/uploads\/2026\/09\/EDL-tab-orga-rotated.jpg\" alt=\"\" class=\"wp-image-1349\" style=\"width:414px;height:auto\" srcset=\"https:\/\/apajhetvous.apajh.org\/Plateforme-emploi-autonomie-Cotiere-Pays-de-Gex\/wp-content\/uploads\/2026\/09\/EDL-tab-orga-rotated.jpg 480w, https:\/\/apajhetvous.apajh.org\/Plateforme-emploi-autonomie-Cotiere-Pays-de-Gex\/wp-content\/uploads\/2026\/09\/EDL-tab-orga-225x300.jpg 225w, https:\/\/apajhetvous.apajh.org\/Plateforme-emploi-autonomie-Cotiere-Pays-de-Gex\/wp-content\/uploads\/2026\/09\/EDL-tab-orga-370x493.jpg 370w\" sizes=\"auto, (max-width: 480px) 100vw, 480px\" \/><\/figure>\n\n\n\n<p><strong>Autod\u00e9termination et responsabilisation : des \u00e9quipes actrices de leur quotidien<\/strong><\/p>\n\n\n\n<p>Cette structuration sur mesure s&rsquo;inscrit pleinement dans une d\u00e9marche d\u2019autod\u00e9termination. En confiant des responsabilit\u00e9s r\u00e9elles aux travailleurs \u2014 de la pr\u00e9paration du v\u00e9hicule au suivi des chantiers \u2014, l\u2019\u00e9tablissement valorise l\u2019engagement et l\u2019expertise de chacun. Les \u00e9quipes gagnent en assurance, prennent des initiatives et d\u00e9veloppent une posture professionnelle reconnue. Voir son travail appr\u00e9ci\u00e9 par les utilisateurs des locaux et les clients ext\u00e9rieurs constitue un levier puissant de valorisation personnelle et sociale.<\/p>\n\n\n\n<figure class=\"wp-block-image size-full is-resized\"><img loading=\"lazy\" decoding=\"async\" width=\"640\" height=\"480\" src=\"https:\/\/apajhetvous.apajh.org\/Plateforme-emploi-autonomie-Cotiere-Pays-de-Gex\/wp-content\/uploads\/2026\/09\/EDL-ent-salle-reu.jpg\" alt=\"\" class=\"wp-image-1351\" style=\"width:290px;height:auto\" srcset=\"https:\/\/apajhetvous.apajh.org\/Plateforme-emploi-autonomie-Cotiere-Pays-de-Gex\/wp-content\/uploads\/2026\/09\/EDL-ent-salle-reu.jpg 640w, https:\/\/apajhetvous.apajh.org\/Plateforme-emploi-autonomie-Cotiere-Pays-de-Gex\/wp-content\/uploads\/2026\/09\/EDL-ent-salle-reu-300x225.jpg 300w, https:\/\/apajhetvous.apajh.org\/Plateforme-emploi-autonomie-Cotiere-Pays-de-Gex\/wp-content\/uploads\/2026\/09\/EDL-ent-salle-reu-370x278.jpg 370w\" sizes=\"auto, (max-width: 640px) 100vw, 640px\" \/><\/figure>\n\n\n\n<figure class=\"wp-block-image size-full is-resized\"><img loading=\"lazy\" decoding=\"async\" width=\"480\" height=\"640\" src=\"https:\/\/apajhetvous.apajh.org\/Plateforme-emploi-autonomie-Cotiere-Pays-de-Gex\/wp-content\/uploads\/2026\/09\/EDL-chariot-couloir-ESAT-rotated.jpg\" alt=\"\" class=\"wp-image-1350\" style=\"aspect-ratio:0.7500137870181437;width:291px;height:auto\" srcset=\"https:\/\/apajhetvous.apajh.org\/Plateforme-emploi-autonomie-Cotiere-Pays-de-Gex\/wp-content\/uploads\/2026\/09\/EDL-chariot-couloir-ESAT-rotated.jpg 480w, https:\/\/apajhetvous.apajh.org\/Plateforme-emploi-autonomie-Cotiere-Pays-de-Gex\/wp-content\/uploads\/2026\/09\/EDL-chariot-couloir-ESAT-225x300.jpg 225w, https:\/\/apajhetvous.apajh.org\/Plateforme-emploi-autonomie-Cotiere-Pays-de-Gex\/wp-content\/uploads\/2026\/09\/EDL-chariot-couloir-ESAT-370x493.jpg 370w\" sizes=\"auto, (max-width: 480px) 100vw, 480px\" \/><\/figure>\n\n\n\n<p><strong>L\u2019accompagnement sur mesure de Pauline<\/strong><\/p>\n\n\n\n<p>Cette r\u00e9ussite repose \u00e9galement sur un encadrement de proximit\u00e9 exigeant et bienveillant. Pauline, monitrice d\u2019atelier tr\u00e8s impliqu\u00e9e aupr\u00e8s de la brigade, joue un r\u00f4le cl\u00e9 dans ce processus. Par sa pr\u00e9sence rassurante, son \u00e9coute et son travail quotidien d\u2019adaptation des outils p\u00e9dagogiques, elle permet \u00e0 chaque membre du groupe d\u2019\u00e9voluer \u00e0 son rythme vers plus d\u2019ind\u00e9pendance. Son engagement contribue directement \u00e0 cr\u00e9er un climat de confiance indispensable \u00e0 l\u2019\u00e9panouissement professionnel des travailleurs.<\/p>\n\n\n\n<p>En responsabilisant ses \u00e9quipes et en adaptant constamment ses m\u00e9thodes, l\u2019ESAT r\u00e9affirme sa mission : faire du travail un tremplin vers l\u2019autonomie et l\u2019inclusion.<\/p>\n\n\n\n<p class=\"has-text-align-right\">A.Cure<\/p>\n","protected":false},"excerpt":{"rendered":"<p>Au sein de notre ESAT, la brigade des travailleurs d\u00e9di\u00e9e \u00e0 l\u2019Entretien des Locaux (EDL) illustre chaque jour une dynamique exemplaire de mont\u00e9e en comp\u00e9tences et d&rsquo;autonomie. Qu\u2019il s\u2019agisse d\u2019intervenir au sein de nos propres structures \u2014 comme l\u2019ESAT, le SAVS ou le SAJ \u2014 ou directement chez nos clients professionnels, les \u00e9quipes font preuve<\/p>\n","protected":false},"author":3,"featured_media":1314,"comment_status":"closed","ping_status":"closed","sticky":false,"template":"","format":"standard","meta":{"_monsterinsights_skip_tracking":false,"_monsterinsights_sitenote_active":false,"_monsterinsights_sitenote_note":"","_monsterinsights_sitenote_category":0,"footnotes":""},"categories":[1],"tags":[],"class_list":["post-1348","post","type-post","status-publish","format-standard","has-post-thumbnail","hentry","category-non-classe"],"yoast_head":"<!-- This site is optimized with the Yoast SEO plugin v27.7 - https:\/\/yoast.com\/product\/yoast-seo-wordpress\/ -->\n<title>L\u2019autonomie au c\u0153ur du m\u00e9tier : la brigade Entretien des Locaux monte en puissance - Plateforme Emploi Autonomie C\u00f4ti\u00e8re et Pays de Gex<\/title>\n<meta name=\"robots\" content=\"index, follow, max-snippet:-1, max-image-preview:large, max-video-preview:-1\" \/>\n<link rel=\"canonical\" href=\"https:\/\/apajhetvous.apajh.org\/Plateforme-emploi-autonomie-Cotiere-Pays-de-Gex\/2026\/09\/04\/lautonomie-au-coeur-du-metier-la-brigade-entretien-des-locaux-monte-en-puissance\/\" \/>\n<meta property=\"og:locale\" content=\"fr_FR\" \/>\n<meta property=\"og:type\" content=\"article\" \/>\n<meta property=\"og:title\" content=\"L\u2019autonomie au c\u0153ur du m\u00e9tier : la brigade Entretien des Locaux monte en puissance - Plateforme Emploi Autonomie C\u00f4ti\u00e8re et Pays de Gex\" \/>\n<meta property=\"og:description\" content=\"Au sein de notre ESAT, la brigade des travailleurs d\u00e9di\u00e9e \u00e0 l\u2019Entretien des Locaux (EDL) illustre chaque jour une dynamique exemplaire de mont\u00e9e en comp\u00e9tences et d&rsquo;autonomie. Qu\u2019il s\u2019agisse d\u2019intervenir au sein de nos propres structures \u2014 comme l\u2019ESAT, le SAVS ou le SAJ \u2014 ou directement chez nos clients professionnels, les \u00e9quipes font preuve\" \/>\n<meta property=\"og:url\" content=\"https:\/\/apajhetvous.apajh.org\/Plateforme-emploi-autonomie-Cotiere-Pays-de-Gex\/2026\/09\/04\/lautonomie-au-coeur-du-metier-la-brigade-entretien-des-locaux-monte-en-puissance\/\" \/>\n<meta property=\"og:site_name\" content=\"Plateforme Emploi Autonomie C\u00f4ti\u00e8re et Pays de Gex\" \/>\n<meta property=\"article:published_time\" content=\"2026-09-04T08:07:32+00:00\" \/>\n<meta property=\"article:modified_time\" content=\"2026-09-04T08:07:33+00:00\" \/>\n<meta property=\"og:image\" content=\"https:\/\/apajhetvous.apajh.org\/Plateforme-emploi-autonomie-Cotiere-Pays-de-Gex\/wp-content\/uploads\/2026\/06\/image-1.png\" \/>\n\t<meta property=\"og:image:width\" content=\"441\" \/>\n\t<meta property=\"og:image:height\" content=\"252\" \/>\n\t<meta property=\"og:image:type\" content=\"image\/png\" \/>\n<meta name=\"author\" content=\"Alexandre Cure\" \/>\n<meta name=\"twitter:card\" content=\"summary_large_image\" \/>\n<meta name=\"twitter:label1\" content=\"\u00c9crit par\" \/>\n\t<meta name=\"twitter:data1\" content=\"Alexandre Cure\" \/>\n\t<meta name=\"twitter:label2\" content=\"Dur\u00e9e de lecture estim\u00e9e\" \/>\n\t<meta name=\"twitter:data2\" content=\"3 minutes\" \/>\n<script type=\"application\/ld+json\" class=\"yoast-schema-graph\">{\"@context\":\"https:\\\/\\\/schema.org\",\"@graph\":[{\"@type\":\"Article\",\"@id\":\"https:\\\/\\\/apajhetvous.apajh.org\\\/Plateforme-emploi-autonomie-Cotiere-Pays-de-Gex\\\/2026\\\/09\\\/04\\\/lautonomie-au-coeur-du-metier-la-brigade-entretien-des-locaux-monte-en-puissance\\\/#article\",\"isPartOf\":{\"@id\":\"https:\\\/\\\/apajhetvous.apajh.org\\\/Plateforme-emploi-autonomie-Cotiere-Pays-de-Gex\\\/2026\\\/09\\\/04\\\/lautonomie-au-coeur-du-metier-la-brigade-entretien-des-locaux-monte-en-puissance\\\/\"},\"author\":{\"name\":\"Alexandre Cure\",\"@id\":\"https:\\\/\\\/apajhetvous.apajh.org\\\/Plateforme-emploi-autonomie-Cotiere-Pays-de-Gex\\\/#\\\/schema\\\/person\\\/03aaaf3f3b68d5dfb684e38727bc9543\"},\"headline\":\"L\u2019autonomie au c\u0153ur du m\u00e9tier : la brigade Entretien des Locaux monte en puissance\",\"datePublished\":\"2026-09-04T08:07:32+00:00\",\"dateModified\":\"2026-09-04T08:07:33+00:00\",\"mainEntityOfPage\":{\"@id\":\"https:\\\/\\\/apajhetvous.apajh.org\\\/Plateforme-emploi-autonomie-Cotiere-Pays-de-Gex\\\/2026\\\/09\\\/04\\\/lautonomie-au-coeur-du-metier-la-brigade-entretien-des-locaux-monte-en-puissance\\\/\"},\"wordCount\":378,\"image\":{\"@id\":\"https:\\\/\\\/apajhetvous.apajh.org\\\/Plateforme-emploi-autonomie-Cotiere-Pays-de-Gex\\\/2026\\\/09\\\/04\\\/lautonomie-au-coeur-du-metier-la-brigade-entretien-des-locaux-monte-en-puissance\\\/#primaryimage\"},\"thumbnailUrl\":\"https:\\\/\\\/apajhetvous.apajh.org\\\/Plateforme-emploi-autonomie-Cotiere-Pays-de-Gex\\\/wp-content\\\/uploads\\\/2026\\\/06\\\/image-1.png\",\"inLanguage\":\"fr-FR\"},{\"@type\":\"WebPage\",\"@id\":\"https:\\\/\\\/apajhetvous.apajh.org\\\/Plateforme-emploi-autonomie-Cotiere-Pays-de-Gex\\\/2026\\\/09\\\/04\\\/lautonomie-au-coeur-du-metier-la-brigade-entretien-des-locaux-monte-en-puissance\\\/\",\"url\":\"https:\\\/\\\/apajhetvous.apajh.org\\\/Plateforme-emploi-autonomie-Cotiere-Pays-de-Gex\\\/2026\\\/09\\\/04\\\/lautonomie-au-coeur-du-metier-la-brigade-entretien-des-locaux-monte-en-puissance\\\/\",\"name\":\"L\u2019autonomie au c\u0153ur du m\u00e9tier : la brigade Entretien des Locaux monte en puissance - Plateforme Emploi Autonomie C\u00f4ti\u00e8re et Pays de Gex\",\"isPartOf\":{\"@id\":\"https:\\\/\\\/apajhetvous.apajh.org\\\/Plateforme-emploi-autonomie-Cotiere-Pays-de-Gex\\\/#website\"},\"primaryImageOfPage\":{\"@id\":\"https:\\\/\\\/apajhetvous.apajh.org\\\/Plateforme-emploi-autonomie-Cotiere-Pays-de-Gex\\\/2026\\\/09\\\/04\\\/lautonomie-au-coeur-du-metier-la-brigade-entretien-des-locaux-monte-en-puissance\\\/#primaryimage\"},\"image\":{\"@id\":\"https:\\\/\\\/apajhetvous.apajh.org\\\/Plateforme-emploi-autonomie-Cotiere-Pays-de-Gex\\\/2026\\\/09\\\/04\\\/lautonomie-au-coeur-du-metier-la-brigade-entretien-des-locaux-monte-en-puissance\\\/#primaryimage\"},\"thumbnailUrl\":\"https:\\\/\\\/apajhetvous.apajh.org\\\/Plateforme-emploi-autonomie-Cotiere-Pays-de-Gex\\\/wp-content\\\/uploads\\\/2026\\\/06\\\/image-1.png\",\"datePublished\":\"2026-09-04T08:07:32+00:00\",\"dateModified\":\"2026-09-04T08:07:33+00:00\",\"author\":{\"@id\":\"https:\\\/\\\/apajhetvous.apajh.org\\\/Plateforme-emploi-autonomie-Cotiere-Pays-de-Gex\\\/#\\\/schema\\\/person\\\/03aaaf3f3b68d5dfb684e38727bc9543\"},\"breadcrumb\":{\"@id\":\"https:\\\/\\\/apajhetvous.apajh.org\\\/Plateforme-emploi-autonomie-Cotiere-Pays-de-Gex\\\/2026\\\/09\\\/04\\\/lautonomie-au-coeur-du-metier-la-brigade-entretien-des-locaux-monte-en-puissance\\\/#breadcrumb\"},\"inLanguage\":\"fr-FR\",\"potentialAction\":[{\"@type\":\"ReadAction\",\"target\":[\"https:\\\/\\\/apajhetvous.apajh.org\\\/Plateforme-emploi-autonomie-Cotiere-Pays-de-Gex\\\/2026\\\/09\\\/04\\\/lautonomie-au-coeur-du-metier-la-brigade-entretien-des-locaux-monte-en-puissance\\\/\"]}]},{\"@type\":\"ImageObject\",\"inLanguage\":\"fr-FR\",\"@id\":\"https:\\\/\\\/apajhetvous.apajh.org\\\/Plateforme-emploi-autonomie-Cotiere-Pays-de-Gex\\\/2026\\\/09\\\/04\\\/lautonomie-au-coeur-du-metier-la-brigade-entretien-des-locaux-monte-en-puissance\\\/#primaryimage\",\"url\":\"https:\\\/\\\/apajhetvous.apajh.org\\\/Plateforme-emploi-autonomie-Cotiere-Pays-de-Gex\\\/wp-content\\\/uploads\\\/2026\\\/06\\\/image-1.png\",\"contentUrl\":\"https:\\\/\\\/apajhetvous.apajh.org\\\/Plateforme-emploi-autonomie-Cotiere-Pays-de-Gex\\\/wp-content\\\/uploads\\\/2026\\\/06\\\/image-1.png\",\"width\":441,\"height\":252},{\"@type\":\"BreadcrumbList\",\"@id\":\"https:\\\/\\\/apajhetvous.apajh.org\\\/Plateforme-emploi-autonomie-Cotiere-Pays-de-Gex\\\/2026\\\/09\\\/04\\\/lautonomie-au-coeur-du-metier-la-brigade-entretien-des-locaux-monte-en-puissance\\\/#breadcrumb\",\"itemListElement\":[{\"@type\":\"ListItem\",\"position\":1,\"name\":\"Accueil\",\"item\":\"https:\\\/\\\/apajhetvous.apajh.org\\\/Plateforme-emploi-autonomie-Cotiere-Pays-de-Gex\\\/\"},{\"@type\":\"ListItem\",\"position\":2,\"name\":\"L\u2019autonomie au c\u0153ur du m\u00e9tier : la brigade Entretien des Locaux monte en puissance\"}]},{\"@type\":\"WebSite\",\"@id\":\"https:\\\/\\\/apajhetvous.apajh.org\\\/Plateforme-emploi-autonomie-Cotiere-Pays-de-Gex\\\/#website\",\"url\":\"https:\\\/\\\/apajhetvous.apajh.org\\\/Plateforme-emploi-autonomie-Cotiere-Pays-de-Gex\\\/\",\"name\":\"Plateforme Emploi Autonomie C\u00f4ti\u00e8re et Pays de Gex\",\"description\":\"\",\"potentialAction\":[{\"@type\":\"SearchAction\",\"target\":{\"@type\":\"EntryPoint\",\"urlTemplate\":\"https:\\\/\\\/apajhetvous.apajh.org\\\/Plateforme-emploi-autonomie-Cotiere-Pays-de-Gex\\\/?s={search_term_string}\"},\"query-input\":{\"@type\":\"PropertyValueSpecification\",\"valueRequired\":true,\"valueName\":\"search_term_string\"}}],\"inLanguage\":\"fr-FR\"},{\"@type\":\"Person\",\"@id\":\"https:\\\/\\\/apajhetvous.apajh.org\\\/Plateforme-emploi-autonomie-Cotiere-Pays-de-Gex\\\/#\\\/schema\\\/person\\\/03aaaf3f3b68d5dfb684e38727bc9543\",\"name\":\"Alexandre Cure\",\"image\":{\"@type\":\"ImageObject\",\"inLanguage\":\"fr-FR\",\"@id\":\"https:\\\/\\\/secure.gravatar.com\\\/avatar\\\/748d7386a82536d15628ee46aa86ebb843d9404cc3b2b33ca993278bf711244d?s=96&d=mm&r=g\",\"url\":\"https:\\\/\\\/secure.gravatar.com\\\/avatar\\\/748d7386a82536d15628ee46aa86ebb843d9404cc3b2b33ca993278bf711244d?s=96&d=mm&r=g\",\"contentUrl\":\"https:\\\/\\\/secure.gravatar.com\\\/avatar\\\/748d7386a82536d15628ee46aa86ebb843d9404cc3b2b33ca993278bf711244d?s=96&d=mm&r=g\",\"caption\":\"Alexandre Cure\"},\"sameAs\":[\"https:\\\/\\\/www.linkedin.com\\\/in\\\/esat-apajh-de-la-ctire-et-du-pays-de-gex-bb9b492b7\\\/?originalSubdomain=fr\"],\"url\":\"https:\\\/\\\/apajhetvous.apajh.org\\\/Plateforme-emploi-autonomie-Cotiere-Pays-de-Gex\\\/author\\\/acure\\\/\"}]}<\/script>\n<!-- \/ Yoast SEO plugin. -->","yoast_head_json":{"title":"L\u2019autonomie au c\u0153ur du m\u00e9tier : la brigade Entretien des Locaux monte en puissance - Plateforme Emploi Autonomie C\u00f4ti\u00e8re et Pays de Gex","robots":{"index":"index","follow":"follow","max-snippet":"max-snippet:-1","max-image-preview":"max-image-preview:large","max-video-preview":"max-video-preview:-1"},"canonical":"https:\/\/apajhetvous.apajh.org\/Plateforme-emploi-autonomie-Cotiere-Pays-de-Gex\/2026\/09\/04\/lautonomie-au-coeur-du-metier-la-brigade-entretien-des-locaux-monte-en-puissance\/","og_locale":"fr_FR","og_type":"article","og_title":"L\u2019autonomie au c\u0153ur du m\u00e9tier : la brigade Entretien des Locaux monte en puissance - Plateforme Emploi Autonomie C\u00f4ti\u00e8re et Pays de Gex","og_description":"Au sein de notre ESAT, la brigade des travailleurs d\u00e9di\u00e9e \u00e0 l\u2019Entretien des Locaux (EDL) illustre chaque jour une dynamique exemplaire de mont\u00e9e en comp\u00e9tences et d&rsquo;autonomie. Qu\u2019il s\u2019agisse d\u2019intervenir au sein de nos propres structures \u2014 comme l\u2019ESAT, le SAVS ou le SAJ \u2014 ou directement chez nos clients professionnels, les \u00e9quipes font preuve","og_url":"https:\/\/apajhetvous.apajh.org\/Plateforme-emploi-autonomie-Cotiere-Pays-de-Gex\/2026\/09\/04\/lautonomie-au-coeur-du-metier-la-brigade-entretien-des-locaux-monte-en-puissance\/","og_site_name":"Plateforme Emploi Autonomie C\u00f4ti\u00e8re et Pays de Gex","article_published_time":"2026-09-04T08:07:32+00:00","article_modified_time":"2026-09-04T08:07:33+00:00","og_image":[{"width":441,"height":252,"url":"https:\/\/apajhetvous.apajh.org\/Plateforme-emploi-autonomie-Cotiere-Pays-de-Gex\/wp-content\/uploads\/2026\/06\/image-1.png","type":"image\/png"}],"author":"Alexandre Cure","twitter_card":"summary_large_image","twitter_misc":{"\u00c9crit par":"Alexandre Cure","Dur\u00e9e de lecture estim\u00e9e":"3 minutes"},"schema":{"@context":"https:\/\/schema.org","@graph":[{"@type":"Article","@id":"https:\/\/apajhetvous.apajh.org\/Plateforme-emploi-autonomie-Cotiere-Pays-de-Gex\/2026\/09\/04\/lautonomie-au-coeur-du-metier-la-brigade-entretien-des-locaux-monte-en-puissance\/#article","isPartOf":{"@id":"https:\/\/apajhetvous.apajh.org\/Plateforme-emploi-autonomie-Cotiere-Pays-de-Gex\/2026\/09\/04\/lautonomie-au-coeur-du-metier-la-brigade-entretien-des-locaux-monte-en-puissance\/"},"author":{"name":"Alexandre Cure","@id":"https:\/\/apajhetvous.apajh.org\/Plateforme-emploi-autonomie-Cotiere-Pays-de-Gex\/#\/schema\/person\/03aaaf3f3b68d5dfb684e38727bc9543"},"headline":"L\u2019autonomie au c\u0153ur du m\u00e9tier : la brigade Entretien des Locaux monte en puissance","datePublished":"2026-09-04T08:07:32+00:00","dateModified":"2026-09-04T08:07:33+00:00","mainEntityOfPage":{"@id":"https:\/\/apajhetvous.apajh.org\/Plateforme-emploi-autonomie-Cotiere-Pays-de-Gex\/2026\/09\/04\/lautonomie-au-coeur-du-metier-la-brigade-entretien-des-locaux-monte-en-puissance\/"},"wordCount":378,"image":{"@id":"https:\/\/apajhetvous.apajh.org\/Plateforme-emploi-autonomie-Cotiere-Pays-de-Gex\/2026\/09\/04\/lautonomie-au-coeur-du-metier-la-brigade-entretien-des-locaux-monte-en-puissance\/#primaryimage"},"thumbnailUrl":"https:\/\/apajhetvous.apajh.org\/Plateforme-emploi-autonomie-Cotiere-Pays-de-Gex\/wp-content\/uploads\/2026\/06\/image-1.png","inLanguage":"fr-FR"},{"@type":"WebPage","@id":"https:\/\/apajhetvous.apajh.org\/Plateforme-emploi-autonomie-Cotiere-Pays-de-Gex\/2026\/09\/04\/lautonomie-au-coeur-du-metier-la-brigade-entretien-des-locaux-monte-en-puissance\/","url":"https:\/\/apajhetvous.apajh.org\/Plateforme-emploi-autonomie-Cotiere-Pays-de-Gex\/2026\/09\/04\/lautonomie-au-coeur-du-metier-la-brigade-entretien-des-locaux-monte-en-puissance\/","name":"L\u2019autonomie au c\u0153ur du m\u00e9tier : la brigade Entretien des Locaux monte en puissance - Plateforme Emploi Autonomie C\u00f4ti\u00e8re et Pays de Gex","isPartOf":{"@id":"https:\/\/apajhetvous.apajh.org\/Plateforme-emploi-autonomie-Cotiere-Pays-de-Gex\/#website"},"primaryImageOfPage":{"@id":"https:\/\/apajhetvous.apajh.org\/Plateforme-emploi-autonomie-Cotiere-Pays-de-Gex\/2026\/09\/04\/lautonomie-au-coeur-du-metier-la-brigade-entretien-des-locaux-monte-en-puissance\/#primaryimage"},"image":{"@id":"https:\/\/apajhetvous.apajh.org\/Plateforme-emploi-autonomie-Cotiere-Pays-de-Gex\/2026\/09\/04\/lautonomie-au-coeur-du-metier-la-brigade-entretien-des-locaux-monte-en-puissance\/#primaryimage"},"thumbnailUrl":"https:\/\/apajhetvous.apajh.org\/Plateforme-emploi-autonomie-Cotiere-Pays-de-Gex\/wp-content\/uploads\/2026\/06\/image-1.png","datePublished":"2026-09-04T08:07:32+00:00","dateModified":"2026-09-04T08:07:33+00:00","author":{"@id":"https:\/\/apajhetvous.apajh.org\/Plateforme-emploi-autonomie-Cotiere-Pays-de-Gex\/#\/schema\/person\/03aaaf3f3b68d5dfb684e38727bc9543"},"breadcrumb":{"@id":"https:\/\/apajhetvous.apajh.org\/Plateforme-emploi-autonomie-Cotiere-Pays-de-Gex\/2026\/09\/04\/lautonomie-au-coeur-du-metier-la-brigade-entretien-des-locaux-monte-en-puissance\/#breadcrumb"},"inLanguage":"fr-FR","potentialAction":[{"@type":"ReadAction","target":["https:\/\/apajhetvous.apajh.org\/Plateforme-emploi-autonomie-Cotiere-Pays-de-Gex\/2026\/09\/04\/lautonomie-au-coeur-du-metier-la-brigade-entretien-des-locaux-monte-en-puissance\/"]}]},{"@type":"ImageObject","inLanguage":"fr-FR","@id":"https:\/\/apajhetvous.apajh.org\/Plateforme-emploi-autonomie-Cotiere-Pays-de-Gex\/2026\/09\/04\/lautonomie-au-coeur-du-metier-la-brigade-entretien-des-locaux-monte-en-puissance\/#primaryimage","url":"https:\/\/apajhetvous.apajh.org\/Plateforme-emploi-autonomie-Cotiere-Pays-de-Gex\/wp-content\/uploads\/2026\/06\/image-1.png","contentUrl":"https:\/\/apajhetvous.apajh.org\/Plateforme-emploi-autonomie-Cotiere-Pays-de-Gex\/wp-content\/uploads\/2026\/06\/image-1.png","width":441,"height":252},{"@type":"BreadcrumbList","@id":"https:\/\/apajhetvous.apajh.org\/Plateforme-emploi-autonomie-Cotiere-Pays-de-Gex\/2026\/09\/04\/lautonomie-au-coeur-du-metier-la-brigade-entretien-des-locaux-monte-en-puissance\/#breadcrumb","itemListElement":[{"@type":"ListItem","position":1,"name":"Accueil","item":"https:\/\/apajhetvous.apajh.org\/Plateforme-emploi-autonomie-Cotiere-Pays-de-Gex\/"},{"@type":"ListItem","position":2,"name":"L\u2019autonomie au c\u0153ur du m\u00e9tier : la brigade Entretien des Locaux monte en puissance"}]},{"@type":"WebSite","@id":"https:\/\/apajhetvous.apajh.org\/Plateforme-emploi-autonomie-Cotiere-Pays-de-Gex\/#website","url":"https:\/\/apajhetvous.apajh.org\/Plateforme-emploi-autonomie-Cotiere-Pays-de-Gex\/","name":"Plateforme Emploi Autonomie C\u00f4ti\u00e8re et Pays de Gex","description":"","potentialAction":[{"@type":"SearchAction","target":{"@type":"EntryPoint","urlTemplate":"https:\/\/apajhetvous.apajh.org\/Plateforme-emploi-autonomie-Cotiere-Pays-de-Gex\/?s={search_term_string}"},"query-input":{"@type":"PropertyValueSpecification","valueRequired":true,"valueName":"search_term_string"}}],"inLanguage":"fr-FR"},{"@type":"Person","@id":"https:\/\/apajhetvous.apajh.org\/Plateforme-emploi-autonomie-Cotiere-Pays-de-Gex\/#\/schema\/person\/03aaaf3f3b68d5dfb684e38727bc9543","name":"Alexandre Cure","image":{"@type":"ImageObject","inLanguage":"fr-FR","@id":"https:\/\/secure.gravatar.com\/avatar\/748d7386a82536d15628ee46aa86ebb843d9404cc3b2b33ca993278bf711244d?s=96&d=mm&r=g","url":"https:\/\/secure.gravatar.com\/avatar\/748d7386a82536d15628ee46aa86ebb843d9404cc3b2b33ca993278bf711244d?s=96&d=mm&r=g","contentUrl":"https:\/\/secure.gravatar.com\/avatar\/748d7386a82536d15628ee46aa86ebb843d9404cc3b2b33ca993278bf711244d?s=96&d=mm&r=g","caption":"Alexandre Cure"},"sameAs":["https:\/\/www.linkedin.com\/in\/esat-apajh-de-la-ctire-et-du-pays-de-gex-bb9b492b7\/?originalSubdomain=fr"],"url":"https:\/\/apajhetvous.apajh.org\/Plateforme-emploi-autonomie-Cotiere-Pays-de-Gex\/author\/acure\/"}]}},"_links":{"self":[{"href":"https:\/\/apajhetvous.apajh.org\/Plateforme-emploi-autonomie-Cotiere-Pays-de-Gex\/wp-json\/wp\/v2\/posts\/1348","targetHints":{"allow":["GET"]}}],"collection":[{"href":"https:\/\/apajhetvous.apajh.org\/Plateforme-emploi-autonomie-Cotiere-Pays-de-Gex\/wp-json\/wp\/v2\/posts"}],"about":[{"href":"https:\/\/apajhetvous.apajh.org\/Plateforme-emploi-autonomie-Cotiere-Pays-de-Gex\/wp-json\/wp\/v2\/types\/post"}],"author":[{"embeddable":true,"href":"https:\/\/apajhetvous.apajh.org\/Plateforme-emploi-autonomie-Cotiere-Pays-de-Gex\/wp-json\/wp\/v2\/users\/3"}],"replies":[{"embeddable":true,"href":"https:\/\/apajhetvous.apajh.org\/Plateforme-emploi-autonomie-Cotiere-Pays-de-Gex\/wp-json\/wp\/v2\/comments?post=1348"}],"version-history":[{"count":2,"href":"https:\/\/apajhetvous.apajh.org\/Plateforme-emploi-autonomie-Cotiere-Pays-de-Gex\/wp-json\/wp\/v2\/posts\/1348\/revisions"}],"predecessor-version":[{"id":1353,"href":"https:\/\/apajhetvous.apajh.org\/Plateforme-emploi-autonomie-Cotiere-Pays-de-Gex\/wp-json\/wp\/v2\/posts\/1348\/revisions\/1353"}],"wp:featuredmedia":[{"embeddable":true,"href":"https:\/\/apajhetvous.apajh.org\/Plateforme-emploi-autonomie-Cotiere-Pays-de-Gex\/wp-json\/wp\/v2\/media\/1314"}],"wp:attachment":[{"href":"https:\/\/apajhetvous.apajh.org\/Plateforme-emploi-autonomie-Cotiere-Pays-de-Gex\/wp-json\/wp\/v2\/media?parent=1348"}],"wp:term":[{"taxonomy":"category","embeddable":true,"href":"https:\/\/apajhetvous.apajh.org\/Plateforme-emploi-autonomie-Cotiere-Pays-de-Gex\/wp-json\/wp\/v2\/categories?post=1348"},{"taxonomy":"post_tag","embeddable":true,"href":"https:\/\/apajhetvous.apajh.org\/Plateforme-emploi-autonomie-Cotiere-Pays-de-Gex\/wp-json\/wp\/v2\/tags?post=1348"}],"curies":[{"name":"wp","href":"https:\/\/api.w.org\/{rel}","templated":true}]}}