{"id":5039,"date":"2024-05-13T17:13:24","date_gmt":"2024-05-13T15:13:24","guid":{"rendered":"https:\/\/apajhetvous.apajh.org\/SIAM92\/?p=5039"},"modified":"2024-05-13T17:13:24","modified_gmt":"2024-05-13T15:13:24","slug":"salon-du-livre-adapte-2024","status":"publish","type":"post","link":"https:\/\/apajhetvous.apajh.org\/SIAM92\/salon-du-livre-adapte-2024\/","title":{"rendered":"Salon du livre adapt\u00e9 2024"},"content":{"rendered":"<h4><span style=\"color: #000000;\">Le salon du livre adapt\u00e9 aura lieu les <span style=\"color: #ff0000;\">14 et 15 juin 2024<\/span> \u00e0 la salle des f\u00eates de la mairie du 14\u00e8me arrondissement <span style=\"color: #ff0000;\">de 10h \u00e0 18h<\/span>.<\/span><\/h4>\n<p>Le salon du livre adapt\u00e9 est un \u00e9v\u00e9nement qui c\u00e9l\u00e8bre la diversit\u00e9 de la lecture et l\u2019acc\u00e8s \u00e0 la culture pour tous : Le Salon du Livre Adapt\u00e9 2024, intitul\u00e9 <span style=\"color: #ff00ff;\">\u00ab\u00a0<strong>Des Mots, des Points et des Sons\u00a0\u00bb<\/strong><\/span>.<\/p>\n<p>Organis\u00e9 par le <strong><span style=\"color: #800080;\">Comit\u00e9 Paris \u00cele-de-France de l&rsquo;Association Valentin Ha\u00fcy<\/span><\/strong> en collaboration avec la prestigieuse <strong><span style=\"color: #008000;\">maison d&rsquo;\u00e9dition Albin Michel<\/span><\/strong>.<\/p>\n<p>Au Salon du Livre Adapt\u00e9 2024, vous aurez l&rsquo;opportunit\u00e9 de d\u00e9couvrir une vaste s\u00e9lection d&rsquo;ouvrages pr\u00e9sent\u00e9s dans divers formats adapt\u00e9s, tels que le <strong><span style=\"color: #ff0000;\">braille<\/span><\/strong>, les <strong><span style=\"color: #0000ff;\">livres audio<\/span><\/strong>, le <strong><span style=\"color: #ff6600;\">livre FALC<\/span><\/strong> (Facile \u00e0 Lire et \u00e0 Comprendre) et les <strong><span style=\"color: #800000;\">livres en grands caract\u00e8res<\/span><\/strong>.<\/p>\n<p>Plongez dans l&rsquo;univers captivant du roman \u00ab\u00a0Les Yeux de Mona\u00a0\u00bb de Thomas Schlesser, qui servira de fil conducteur \u00e0 cet \u00e9v\u00e9nement.<\/p>\n<p>Des conf\u00e9rences anim\u00e9es par des experts, des lectures \u00e0 haute voix, des \u0153uvres tactiles et une vari\u00e9t\u00e9 de stands seront \u00e9galement propos\u00e9s pour offrir une exp\u00e9rience enrichissante \u00e0 tous les participants.<\/p>\n<p>Cet \u00e9v\u00e9nement est ouvert \u00e0 tous et l&rsquo;entr\u00e9e est <strong><span style=\"color: #008080;\">gratuite<\/span><\/strong> et aucune inscription pr\u00e9alable n&rsquo;est requise.<\/p>\n<p>Pour en savoir plus, lisez le projet en cliquant <strong><span style=\"color: #ff0000;\"><a style=\"color: #ff0000;\" href=\"http:\/\/apajhetvous.apajh.org\/SIAM92\/wp-content\/uploads\/2024\/05\/Projet-Salon-du-livre-adapte-2024-V1-sur-1.pdf\">ici<\/a><\/span><\/strong><\/p>\n<p>Nous serions ravis de vous recevoir pour partager cette exp\u00e9rience unique et inspirante.<\/p>\n<p>Bien cordialement,<\/p>\n<p><strong>Diodie Badji <\/strong>Charg\u00e9e de Communication<\/p>\n<p>Comit\u00e9 Paris Ile-de-France<\/p>\n<p>3 rue Jacquier 75014\u00a0 PARIS<\/p>\n<p>01 40 44 95 92 &#8211;\u00a0 d.badji@avh.asso.fr<\/p>\n<p><strong>www.avh.asso.fr<\/strong><\/p>\n<p><img loading=\"lazy\" decoding=\"async\" class=\"alignnone wp-image-5043\" src=\"http:\/\/apajhetvous.apajh.org\/SIAM92\/wp-content\/uploads\/2024\/05\/Logo_Valentin_Hauy.png\" alt=\"\" width=\"190\" height=\"119\" srcset=\"https:\/\/apajhetvous.apajh.org\/SIAM92\/wp-content\/uploads\/2024\/05\/Logo_Valentin_Hauy.png 1419w, https:\/\/apajhetvous.apajh.org\/SIAM92\/wp-content\/uploads\/2024\/05\/Logo_Valentin_Hauy-300x189.png 300w, https:\/\/apajhetvous.apajh.org\/SIAM92\/wp-content\/uploads\/2024\/05\/Logo_Valentin_Hauy-1024x644.png 1024w, https:\/\/apajhetvous.apajh.org\/SIAM92\/wp-content\/uploads\/2024\/05\/Logo_Valentin_Hauy-768x483.png 768w, https:\/\/apajhetvous.apajh.org\/SIAM92\/wp-content\/uploads\/2024\/05\/Logo_Valentin_Hauy-370x233.png 370w, https:\/\/apajhetvous.apajh.org\/SIAM92\/wp-content\/uploads\/2024\/05\/Logo_Valentin_Hauy-1320x830.png 1320w\" sizes=\"auto, (max-width: 190px) 100vw, 190px\" \/><\/p>\n","protected":false},"excerpt":{"rendered":"<p>Le salon du livre adapt\u00e9 aura lieu les 14 et 15 juin 2024 \u00e0 la salle des f\u00eates de la mairie du 14\u00e8me arrondissement de 10h \u00e0 18h. Le salon du livre adapt\u00e9 est un \u00e9v\u00e9nement qui c\u00e9l\u00e8bre la diversit\u00e9 de la lecture et l\u2019acc\u00e8s \u00e0 la culture pour tous : Le Salon du Livre<\/p>\n","protected":false},"author":12,"featured_media":5040,"comment_status":"closed","ping_status":"closed","sticky":false,"template":"","format":"standard","meta":{"footnotes":""},"categories":[66,85],"tags":[92],"class_list":["post-5039","post","type-post","status-publish","format-standard","has-post-thumbnail","hentry","category-vie-de-letablissement","category-partenaires","tag-livre-adapte"],"yoast_head":"<!-- This site is optimized with the Yoast SEO plugin v27.3 - https:\/\/yoast.com\/product\/yoast-seo-wordpress\/ -->\n<title>Salon du livre adapt\u00e9 2024 - SIAM 92 - APAJH&amp;VOUS<\/title>\n<meta name=\"robots\" content=\"index, follow, max-snippet:-1, max-image-preview:large, max-video-preview:-1\" \/>\n<link rel=\"canonical\" href=\"http:\/\/apajhetvous.apajh.org\/SIAM92\/salon-du-livre-adapte-2024\/\" \/>\n<meta property=\"og:locale\" content=\"fr_FR\" \/>\n<meta property=\"og:type\" content=\"article\" \/>\n<meta property=\"og:title\" content=\"Salon du livre adapt\u00e9 2024 - SIAM 92 - APAJH&amp;VOUS\" \/>\n<meta property=\"og:description\" content=\"Le salon du livre adapt\u00e9 aura lieu les 14 et 15 juin 2024 \u00e0 la salle des f\u00eates de la mairie du 14\u00e8me arrondissement de 10h \u00e0 18h. Le salon du livre adapt\u00e9 est un \u00e9v\u00e9nement qui c\u00e9l\u00e8bre la diversit\u00e9 de la lecture et l\u2019acc\u00e8s \u00e0 la culture pour tous : Le Salon du Livre\" \/>\n<meta property=\"og:url\" content=\"http:\/\/apajhetvous.apajh.org\/SIAM92\/salon-du-livre-adapte-2024\/\" \/>\n<meta property=\"og:site_name\" content=\"SIAM 92 - APAJH&amp;VOUS\" \/>\n<meta property=\"article:published_time\" content=\"2024-05-13T15:13:24+00:00\" \/>\n<meta property=\"og:image\" content=\"http:\/\/apajhetvous.apajh.org\/SIAM92\/wp-content\/uploads\/2024\/05\/Affiche-salon-du-livre.png\" \/>\n\t<meta property=\"og:image:width\" content=\"1587\" \/>\n\t<meta property=\"og:image:height\" content=\"2245\" \/>\n\t<meta property=\"og:image:type\" content=\"image\/png\" \/>\n<meta name=\"author\" content=\"Tanguy Sicard\" \/>\n<meta name=\"twitter:card\" content=\"summary_large_image\" \/>\n<meta name=\"twitter:label1\" content=\"\u00c9crit par\" \/>\n\t<meta name=\"twitter:data1\" content=\"Tanguy Sicard\" \/>\n\t<meta name=\"twitter:label2\" content=\"Dur\u00e9e de lecture estim\u00e9e\" \/>\n\t<meta name=\"twitter:data2\" content=\"1 minute\" \/>\n<script type=\"application\/ld+json\" class=\"yoast-schema-graph\">{\"@context\":\"https:\\\/\\\/schema.org\",\"@graph\":[{\"@type\":\"Article\",\"@id\":\"http:\\\/\\\/apajhetvous.apajh.org\\\/SIAM92\\\/salon-du-livre-adapte-2024\\\/#article\",\"isPartOf\":{\"@id\":\"http:\\\/\\\/apajhetvous.apajh.org\\\/SIAM92\\\/salon-du-livre-adapte-2024\\\/\"},\"author\":{\"name\":\"Tanguy Sicard\",\"@id\":\"http:\\\/\\\/apajhetvous.apajh.org\\\/SIAM92\\\/#\\\/schema\\\/person\\\/dbf0ee91a7e80beefe76db4e549ed879\"},\"headline\":\"Salon du livre adapt\u00e9 2024\",\"datePublished\":\"2024-05-13T15:13:24+00:00\",\"mainEntityOfPage\":{\"@id\":\"http:\\\/\\\/apajhetvous.apajh.org\\\/SIAM92\\\/salon-du-livre-adapte-2024\\\/\"},\"wordCount\":260,\"image\":{\"@id\":\"http:\\\/\\\/apajhetvous.apajh.org\\\/SIAM92\\\/salon-du-livre-adapte-2024\\\/#primaryimage\"},\"thumbnailUrl\":\"https:\\\/\\\/apajhetvous.apajh.org\\\/SIAM92\\\/wp-content\\\/uploads\\\/2024\\\/05\\\/Affiche-salon-du-livre.png\",\"keywords\":[\"livre adapt\u00e9\"],\"articleSection\":[\"Au quotidien\",\"Nos partenaires\"],\"inLanguage\":\"fr-FR\"},{\"@type\":\"WebPage\",\"@id\":\"http:\\\/\\\/apajhetvous.apajh.org\\\/SIAM92\\\/salon-du-livre-adapte-2024\\\/\",\"url\":\"http:\\\/\\\/apajhetvous.apajh.org\\\/SIAM92\\\/salon-du-livre-adapte-2024\\\/\",\"name\":\"Salon du livre adapt\u00e9 2024 - SIAM 92 - APAJH&amp;VOUS\",\"isPartOf\":{\"@id\":\"http:\\\/\\\/apajhetvous.apajh.org\\\/SIAM92\\\/#website\"},\"primaryImageOfPage\":{\"@id\":\"http:\\\/\\\/apajhetvous.apajh.org\\\/SIAM92\\\/salon-du-livre-adapte-2024\\\/#primaryimage\"},\"image\":{\"@id\":\"http:\\\/\\\/apajhetvous.apajh.org\\\/SIAM92\\\/salon-du-livre-adapte-2024\\\/#primaryimage\"},\"thumbnailUrl\":\"https:\\\/\\\/apajhetvous.apajh.org\\\/SIAM92\\\/wp-content\\\/uploads\\\/2024\\\/05\\\/Affiche-salon-du-livre.png\",\"datePublished\":\"2024-05-13T15:13:24+00:00\",\"author\":{\"@id\":\"http:\\\/\\\/apajhetvous.apajh.org\\\/SIAM92\\\/#\\\/schema\\\/person\\\/dbf0ee91a7e80beefe76db4e549ed879\"},\"breadcrumb\":{\"@id\":\"http:\\\/\\\/apajhetvous.apajh.org\\\/SIAM92\\\/salon-du-livre-adapte-2024\\\/#breadcrumb\"},\"inLanguage\":\"fr-FR\",\"potentialAction\":[{\"@type\":\"ReadAction\",\"target\":[\"http:\\\/\\\/apajhetvous.apajh.org\\\/SIAM92\\\/salon-du-livre-adapte-2024\\\/\"]}]},{\"@type\":\"ImageObject\",\"inLanguage\":\"fr-FR\",\"@id\":\"http:\\\/\\\/apajhetvous.apajh.org\\\/SIAM92\\\/salon-du-livre-adapte-2024\\\/#primaryimage\",\"url\":\"https:\\\/\\\/apajhetvous.apajh.org\\\/SIAM92\\\/wp-content\\\/uploads\\\/2024\\\/05\\\/Affiche-salon-du-livre.png\",\"contentUrl\":\"https:\\\/\\\/apajhetvous.apajh.org\\\/SIAM92\\\/wp-content\\\/uploads\\\/2024\\\/05\\\/Affiche-salon-du-livre.png\",\"width\":1587,\"height\":2245,\"caption\":\"livre adapt\u00e9\"},{\"@type\":\"BreadcrumbList\",\"@id\":\"http:\\\/\\\/apajhetvous.apajh.org\\\/SIAM92\\\/salon-du-livre-adapte-2024\\\/#breadcrumb\",\"itemListElement\":[{\"@type\":\"ListItem\",\"position\":1,\"name\":\"Accueil\",\"item\":\"http:\\\/\\\/apajhetvous.apajh.org\\\/SIAM92\\\/\"},{\"@type\":\"ListItem\",\"position\":2,\"name\":\"Salon du livre adapt\u00e9 2024\"}]},{\"@type\":\"WebSite\",\"@id\":\"http:\\\/\\\/apajhetvous.apajh.org\\\/SIAM92\\\/#website\",\"url\":\"http:\\\/\\\/apajhetvous.apajh.org\\\/SIAM92\\\/\",\"name\":\"SIAM 92 - APAJH&amp;VOUS\",\"description\":\"\",\"potentialAction\":[{\"@type\":\"SearchAction\",\"target\":{\"@type\":\"EntryPoint\",\"urlTemplate\":\"http:\\\/\\\/apajhetvous.apajh.org\\\/SIAM92\\\/?s={search_term_string}\"},\"query-input\":{\"@type\":\"PropertyValueSpecification\",\"valueRequired\":true,\"valueName\":\"search_term_string\"}}],\"inLanguage\":\"fr-FR\"},{\"@type\":\"Person\",\"@id\":\"http:\\\/\\\/apajhetvous.apajh.org\\\/SIAM92\\\/#\\\/schema\\\/person\\\/dbf0ee91a7e80beefe76db4e549ed879\",\"name\":\"Tanguy Sicard\",\"image\":{\"@type\":\"ImageObject\",\"inLanguage\":\"fr-FR\",\"@id\":\"https:\\\/\\\/secure.gravatar.com\\\/avatar\\\/6c2ba40fb6dfda9d015b78daa54322f2559dfafdf357052f16fea5342743d6d3?s=96&d=mm&r=g\",\"url\":\"https:\\\/\\\/secure.gravatar.com\\\/avatar\\\/6c2ba40fb6dfda9d015b78daa54322f2559dfafdf357052f16fea5342743d6d3?s=96&d=mm&r=g\",\"contentUrl\":\"https:\\\/\\\/secure.gravatar.com\\\/avatar\\\/6c2ba40fb6dfda9d015b78daa54322f2559dfafdf357052f16fea5342743d6d3?s=96&d=mm&r=g\",\"caption\":\"Tanguy Sicard\"},\"url\":\"https:\\\/\\\/apajhetvous.apajh.org\\\/SIAM92\\\/author\\\/tanguy\\\/\"}]}<\/script>\n<!-- \/ Yoast SEO plugin. -->","yoast_head_json":{"title":"Salon du livre adapt\u00e9 2024 - SIAM 92 - APAJH&amp;VOUS","robots":{"index":"index","follow":"follow","max-snippet":"max-snippet:-1","max-image-preview":"max-image-preview:large","max-video-preview":"max-video-preview:-1"},"canonical":"http:\/\/apajhetvous.apajh.org\/SIAM92\/salon-du-livre-adapte-2024\/","og_locale":"fr_FR","og_type":"article","og_title":"Salon du livre adapt\u00e9 2024 - SIAM 92 - APAJH&amp;VOUS","og_description":"Le salon du livre adapt\u00e9 aura lieu les 14 et 15 juin 2024 \u00e0 la salle des f\u00eates de la mairie du 14\u00e8me arrondissement de 10h \u00e0 18h. Le salon du livre adapt\u00e9 est un \u00e9v\u00e9nement qui c\u00e9l\u00e8bre la diversit\u00e9 de la lecture et l\u2019acc\u00e8s \u00e0 la culture pour tous : Le Salon du Livre","og_url":"http:\/\/apajhetvous.apajh.org\/SIAM92\/salon-du-livre-adapte-2024\/","og_site_name":"SIAM 92 - APAJH&amp;VOUS","article_published_time":"2024-05-13T15:13:24+00:00","og_image":[{"width":1587,"height":2245,"url":"http:\/\/apajhetvous.apajh.org\/SIAM92\/wp-content\/uploads\/2024\/05\/Affiche-salon-du-livre.png","type":"image\/png"}],"author":"Tanguy Sicard","twitter_card":"summary_large_image","twitter_misc":{"\u00c9crit par":"Tanguy Sicard","Dur\u00e9e de lecture estim\u00e9e":"1 minute"},"schema":{"@context":"https:\/\/schema.org","@graph":[{"@type":"Article","@id":"http:\/\/apajhetvous.apajh.org\/SIAM92\/salon-du-livre-adapte-2024\/#article","isPartOf":{"@id":"http:\/\/apajhetvous.apajh.org\/SIAM92\/salon-du-livre-adapte-2024\/"},"author":{"name":"Tanguy Sicard","@id":"http:\/\/apajhetvous.apajh.org\/SIAM92\/#\/schema\/person\/dbf0ee91a7e80beefe76db4e549ed879"},"headline":"Salon du livre adapt\u00e9 2024","datePublished":"2024-05-13T15:13:24+00:00","mainEntityOfPage":{"@id":"http:\/\/apajhetvous.apajh.org\/SIAM92\/salon-du-livre-adapte-2024\/"},"wordCount":260,"image":{"@id":"http:\/\/apajhetvous.apajh.org\/SIAM92\/salon-du-livre-adapte-2024\/#primaryimage"},"thumbnailUrl":"https:\/\/apajhetvous.apajh.org\/SIAM92\/wp-content\/uploads\/2024\/05\/Affiche-salon-du-livre.png","keywords":["livre adapt\u00e9"],"articleSection":["Au quotidien","Nos partenaires"],"inLanguage":"fr-FR"},{"@type":"WebPage","@id":"http:\/\/apajhetvous.apajh.org\/SIAM92\/salon-du-livre-adapte-2024\/","url":"http:\/\/apajhetvous.apajh.org\/SIAM92\/salon-du-livre-adapte-2024\/","name":"Salon du livre adapt\u00e9 2024 - SIAM 92 - APAJH&amp;VOUS","isPartOf":{"@id":"http:\/\/apajhetvous.apajh.org\/SIAM92\/#website"},"primaryImageOfPage":{"@id":"http:\/\/apajhetvous.apajh.org\/SIAM92\/salon-du-livre-adapte-2024\/#primaryimage"},"image":{"@id":"http:\/\/apajhetvous.apajh.org\/SIAM92\/salon-du-livre-adapte-2024\/#primaryimage"},"thumbnailUrl":"https:\/\/apajhetvous.apajh.org\/SIAM92\/wp-content\/uploads\/2024\/05\/Affiche-salon-du-livre.png","datePublished":"2024-05-13T15:13:24+00:00","author":{"@id":"http:\/\/apajhetvous.apajh.org\/SIAM92\/#\/schema\/person\/dbf0ee91a7e80beefe76db4e549ed879"},"breadcrumb":{"@id":"http:\/\/apajhetvous.apajh.org\/SIAM92\/salon-du-livre-adapte-2024\/#breadcrumb"},"inLanguage":"fr-FR","potentialAction":[{"@type":"ReadAction","target":["http:\/\/apajhetvous.apajh.org\/SIAM92\/salon-du-livre-adapte-2024\/"]}]},{"@type":"ImageObject","inLanguage":"fr-FR","@id":"http:\/\/apajhetvous.apajh.org\/SIAM92\/salon-du-livre-adapte-2024\/#primaryimage","url":"https:\/\/apajhetvous.apajh.org\/SIAM92\/wp-content\/uploads\/2024\/05\/Affiche-salon-du-livre.png","contentUrl":"https:\/\/apajhetvous.apajh.org\/SIAM92\/wp-content\/uploads\/2024\/05\/Affiche-salon-du-livre.png","width":1587,"height":2245,"caption":"livre adapt\u00e9"},{"@type":"BreadcrumbList","@id":"http:\/\/apajhetvous.apajh.org\/SIAM92\/salon-du-livre-adapte-2024\/#breadcrumb","itemListElement":[{"@type":"ListItem","position":1,"name":"Accueil","item":"http:\/\/apajhetvous.apajh.org\/SIAM92\/"},{"@type":"ListItem","position":2,"name":"Salon du livre adapt\u00e9 2024"}]},{"@type":"WebSite","@id":"http:\/\/apajhetvous.apajh.org\/SIAM92\/#website","url":"http:\/\/apajhetvous.apajh.org\/SIAM92\/","name":"SIAM 92 - APAJH&amp;VOUS","description":"","potentialAction":[{"@type":"SearchAction","target":{"@type":"EntryPoint","urlTemplate":"http:\/\/apajhetvous.apajh.org\/SIAM92\/?s={search_term_string}"},"query-input":{"@type":"PropertyValueSpecification","valueRequired":true,"valueName":"search_term_string"}}],"inLanguage":"fr-FR"},{"@type":"Person","@id":"http:\/\/apajhetvous.apajh.org\/SIAM92\/#\/schema\/person\/dbf0ee91a7e80beefe76db4e549ed879","name":"Tanguy Sicard","image":{"@type":"ImageObject","inLanguage":"fr-FR","@id":"https:\/\/secure.gravatar.com\/avatar\/6c2ba40fb6dfda9d015b78daa54322f2559dfafdf357052f16fea5342743d6d3?s=96&d=mm&r=g","url":"https:\/\/secure.gravatar.com\/avatar\/6c2ba40fb6dfda9d015b78daa54322f2559dfafdf357052f16fea5342743d6d3?s=96&d=mm&r=g","contentUrl":"https:\/\/secure.gravatar.com\/avatar\/6c2ba40fb6dfda9d015b78daa54322f2559dfafdf357052f16fea5342743d6d3?s=96&d=mm&r=g","caption":"Tanguy Sicard"},"url":"https:\/\/apajhetvous.apajh.org\/SIAM92\/author\/tanguy\/"}]}},"_links":{"self":[{"href":"https:\/\/apajhetvous.apajh.org\/SIAM92\/wp-json\/wp\/v2\/posts\/5039","targetHints":{"allow":["GET"]}}],"collection":[{"href":"https:\/\/apajhetvous.apajh.org\/SIAM92\/wp-json\/wp\/v2\/posts"}],"about":[{"href":"https:\/\/apajhetvous.apajh.org\/SIAM92\/wp-json\/wp\/v2\/types\/post"}],"author":[{"embeddable":true,"href":"https:\/\/apajhetvous.apajh.org\/SIAM92\/wp-json\/wp\/v2\/users\/12"}],"replies":[{"embeddable":true,"href":"https:\/\/apajhetvous.apajh.org\/SIAM92\/wp-json\/wp\/v2\/comments?post=5039"}],"version-history":[{"count":9,"href":"https:\/\/apajhetvous.apajh.org\/SIAM92\/wp-json\/wp\/v2\/posts\/5039\/revisions"}],"predecessor-version":[{"id":5051,"href":"https:\/\/apajhetvous.apajh.org\/SIAM92\/wp-json\/wp\/v2\/posts\/5039\/revisions\/5051"}],"wp:featuredmedia":[{"embeddable":true,"href":"https:\/\/apajhetvous.apajh.org\/SIAM92\/wp-json\/wp\/v2\/media\/5040"}],"wp:attachment":[{"href":"https:\/\/apajhetvous.apajh.org\/SIAM92\/wp-json\/wp\/v2\/media?parent=5039"}],"wp:term":[{"taxonomy":"category","embeddable":true,"href":"https:\/\/apajhetvous.apajh.org\/SIAM92\/wp-json\/wp\/v2\/categories?post=5039"},{"taxonomy":"post_tag","embeddable":true,"href":"https:\/\/apajhetvous.apajh.org\/SIAM92\/wp-json\/wp\/v2\/tags?post=5039"}],"curies":[{"name":"wp","href":"https:\/\/api.w.org\/{rel}","templated":true}]}}