{"id":2732,"date":"2017-01-25T20:35:57","date_gmt":"2017-01-25T19:35:57","guid":{"rendered":"http:\/\/apajhetvous.apajh.org\/braconnac\/?p=2732"},"modified":"2025-03-25T09:16:58","modified_gmt":"2025-03-25T08:16:58","slug":"droits-et-participation-des-personnes","status":"publish","type":"post","link":"https:\/\/apajhetvous.apajh.org\/braconnac\/droits-et-participation-des-personnes\/","title":{"rendered":"Les droits et la participation des personnes accompagn\u00e9es"},"content":{"rendered":"<section style=\"display: flex; align-items: center; padding: 30px; background-color: #ffffff; border-radius: 10px; box-shadow: 0 6px 10px rgba(0, 0, 0, 0.1); margin-bottom: 20px;\">\n<div style=\"flex: 1.5; padding-right: 40px;\">\n<h2 style=\"font-size: 24px; color: #2d2d2d; font-weight: bold; margin-bottom: 15px;\">L&#8217;emploi et l&rsquo;autonomie<\/h2>\n<p style=\"font-size: 16px; color: #555; line-height: 1.6; text-align: justify;\">\n      L\u2019emploi, pour une personne en situation de handicap, comme pour tout citoyen, est le moyen d\u2019assurer son autonomie.<br \/>\n      <strong style=\"color: #EA592A;\">L\u2019acc\u00e8s au travail est donc un droit fondamental.<\/strong><br \/>\n      La r\u00e9ussite de l\u2019insertion et du maintien en emploi repose sur un accompagnement personnalis\u00e9.\n    <\/p>\n<p style=\"font-size: 16px; color: #555; line-height: 1.6; text-align: justify;\">\n      Cet accompagnement est bien plus qu\u2019un simple appui :<br \/>\n      <strong style=\"color: #EA592A;\">c\u2019est une d\u00e9marche de co-construction<\/strong> entre l\u2019\u00e9quipe pluri-professionnelle et la personne accompagn\u00e9e.<br \/>\n      Ensemble, ils d\u00e9finissent un projet professionnel tenant compte des aspirations, des besoins et des attentes de chacun.\n    <\/p>\n<p style=\"font-size: 16px; color: #555; line-height: 1.6; text-align: justify;\">\n      \u00c0 l\u2019ESAT, nous nous engageons \u00e0 proposer des solutions adapt\u00e9es tout en respectant les<br \/>\n      <a href=\"https:\/\/www.has-sante.fr\/jcms\/c_468987\/fr\/handicap\" target=\"_blank\" rel=\"noopener\" style=\"color: #EA592A; text-decoration: none; font-weight: bold;\"><br \/>\n        recommandations de l\u2019ANESM<br \/>\n      <\/a>\n    <\/p>\n<\/p><\/div>\n<div style=\"flex: 1; display: flex; justify-content: flex-end;\">\n    <img loading=\"lazy\" decoding=\"async\" src=\"http:\/\/apajhetvous.apajh.org\/braconnac\/wp-content\/uploads\/2017\/01\/Projet-personnalis\u00e9-daccompagnement-de-ladulte_-300x240.jpg\" \n         alt=\"Projet personnalis\u00e9 d'accompagnement de l'adulte\" \n         width=\"350\" height=\"280\"\n         style=\"border-radius: 8px; box-shadow: 0 4px 6px rgba(0, 0, 0, 0.1); max-width: 100%;\">\n  <\/div>\n<\/section>\n<section style=\"padding: 30px; background-color: #f8f8f8; border-radius: 10px; box-shadow: 0 6px 10px rgba(0, 0, 0, 0.1); margin-bottom: 20px;\">\n<h3 style=\"font-size: 22px; color: #2d2d2d; font-weight: bold; margin-bottom: 15px;\">Expression et participation de la personne accompagn\u00e9e<\/h3>\n<p style=\"font-size: 16px; color: #555; line-height: 1.6; text-align: justify;\">\n    Inscrit dans la charte des droits et libert\u00e9s, le droit \u00e0 l\u2019information et \u00e0 la parole est fondamental.<br \/>\n    Nous avons pour mission de <strong style=\"color: #EA592A;\">faciliter l\u2019expression<\/strong>, recueillir les attentes, obtenir le consentement et rendre chaque personne actrice de son parcours.\n  <\/p>\n<h4 style=\"font-size: 18px; color: #EA592A; font-weight: bold; margin-top: 20px;\">Supports mis en place :<\/h4>\n<ul style=\"font-size: 16px; color: #555; line-height: 1.6; padding-left: 20px;\">\n<li>Les groupes de paroles sur la bientraitance<\/li>\n<li>Les groupes de r\u00e9flexion et de travail en \u00e9quipe<\/li>\n<li>L\u2019affichage et la communication interne<\/li>\n<\/ul>\n<h4 style=\"font-size: 18px; color: #EA592A; font-weight: bold; margin-top: 20px;\">Instances repr\u00e9sentatives :<\/h4>\n<ul style=\"font-size: 16px; color: #555; line-height: 1.6; padding-left: 20px;\">\n<li>Le comit\u00e9 des travailleurs de l\u2019ESAT<\/li>\n<li>Le conseil \u00e0 la vie sociale<\/li>\n<li>Le CSE (Comit\u00e9 Social et \u00c9conomique)<\/li>\n<li>Le Comit\u00e9 du D\u00e9veloppement Durable et de l\u2019\u00c9conomie d\u2019\u00c9nergie<\/li>\n<\/ul>\n<\/section>\n","protected":false},"excerpt":{"rendered":"<p>L&#8217;emploi et l&rsquo;autonomie L\u2019emploi, pour une personne en situation de handicap, comme pour tout citoyen, est le moyen d\u2019assurer son autonomie. L\u2019acc\u00e8s au travail est donc un droit fondamental. La r\u00e9ussite de l\u2019insertion et du maintien en emploi repose sur un accompagnement personnalis\u00e9. Cet accompagnement est bien plus qu\u2019un simple appui : c\u2019est une d\u00e9marche<\/p>\n","protected":false},"author":1,"featured_media":2788,"comment_status":"closed","ping_status":"closed","sticky":false,"template":"","format":"standard","meta":{"_exactmetrics_skip_tracking":false,"_exactmetrics_sitenote_active":false,"_exactmetrics_sitenote_note":"","_exactmetrics_sitenote_category":0,"footnotes":""},"categories":[98],"tags":[],"class_list":["post-2732","post","type-post","status-publish","format-standard","has-post-thumbnail","hentry","category-sous-menu-notre-projet"],"yoast_head":"<!-- This site is optimized with the Yoast SEO plugin v27.3 - https:\/\/yoast.com\/product\/yoast-seo-wordpress\/ -->\n<title>Les droits et la participation des personnes accompagn\u00e9es - ATELIERS DE BRACONNAC<\/title>\n<meta name=\"robots\" content=\"index, follow, max-snippet:-1, max-image-preview:large, max-video-preview:-1\" \/>\n<link rel=\"canonical\" href=\"https:\/\/apajhetvous.apajh.org\/braconnac\/droits-et-participation-des-personnes\/\" \/>\n<meta property=\"og:locale\" content=\"fr_FR\" \/>\n<meta property=\"og:type\" content=\"article\" \/>\n<meta property=\"og:title\" content=\"Les droits et la participation des personnes accompagn\u00e9es - ATELIERS DE BRACONNAC\" \/>\n<meta property=\"og:description\" content=\"L&#8217;emploi et l&rsquo;autonomie L\u2019emploi, pour une personne en situation de handicap, comme pour tout citoyen, est le moyen d\u2019assurer son autonomie. L\u2019acc\u00e8s au travail est donc un droit fondamental. La r\u00e9ussite de l\u2019insertion et du maintien en emploi repose sur un accompagnement personnalis\u00e9. Cet accompagnement est bien plus qu\u2019un simple appui : c\u2019est une d\u00e9marche\" \/>\n<meta property=\"og:url\" content=\"https:\/\/apajhetvous.apajh.org\/braconnac\/droits-et-participation-des-personnes\/\" \/>\n<meta property=\"og:site_name\" content=\"ATELIERS DE BRACONNAC\" \/>\n<meta property=\"article:published_time\" content=\"2017-01-25T19:35:57+00:00\" \/>\n<meta property=\"article:modified_time\" content=\"2025-03-25T08:16:58+00:00\" \/>\n<meta property=\"og:image\" content=\"https:\/\/apajhetvous.apajh.org\/braconnac\/wp-content\/uploads\/2017\/01\/Bonhomme-e1517325646650.jpg\" \/>\n\t<meta property=\"og:image:width\" content=\"1000\" \/>\n\t<meta property=\"og:image:height\" content=\"465\" \/>\n\t<meta property=\"og:image:type\" content=\"image\/jpeg\" \/>\n<meta name=\"author\" content=\"admin\" \/>\n<meta name=\"twitter:card\" content=\"summary_large_image\" \/>\n<meta name=\"twitter:label1\" content=\"\u00c9crit par\" \/>\n\t<meta name=\"twitter:data1\" content=\"admin\" \/>\n\t<meta name=\"twitter:label2\" content=\"Dur\u00e9e de lecture estim\u00e9e\" \/>\n\t<meta name=\"twitter:data2\" content=\"2 minutes\" \/>\n<script type=\"application\/ld+json\" class=\"yoast-schema-graph\">{\"@context\":\"https:\\\/\\\/schema.org\",\"@graph\":[{\"@type\":\"Article\",\"@id\":\"https:\\\/\\\/apajhetvous.apajh.org\\\/braconnac\\\/droits-et-participation-des-personnes\\\/#article\",\"isPartOf\":{\"@id\":\"https:\\\/\\\/apajhetvous.apajh.org\\\/braconnac\\\/droits-et-participation-des-personnes\\\/\"},\"author\":{\"name\":\"admin\",\"@id\":\"https:\\\/\\\/apajhetvous.apajh.org\\\/braconnac\\\/#\\\/schema\\\/person\\\/6b7c082c8358f2cca1066e1fdc092550\"},\"headline\":\"Les droits et la participation des personnes accompagn\u00e9es\",\"datePublished\":\"2017-01-25T19:35:57+00:00\",\"dateModified\":\"2025-03-25T08:16:58+00:00\",\"mainEntityOfPage\":{\"@id\":\"https:\\\/\\\/apajhetvous.apajh.org\\\/braconnac\\\/droits-et-participation-des-personnes\\\/\"},\"wordCount\":229,\"image\":{\"@id\":\"https:\\\/\\\/apajhetvous.apajh.org\\\/braconnac\\\/droits-et-participation-des-personnes\\\/#primaryimage\"},\"thumbnailUrl\":\"https:\\\/\\\/apajhetvous.apajh.org\\\/braconnac\\\/wp-content\\\/uploads\\\/2017\\\/01\\\/Bonhomme-e1517325646650.jpg\",\"articleSection\":[\"sous-menu Notre projet\"],\"inLanguage\":\"fr-FR\"},{\"@type\":\"WebPage\",\"@id\":\"https:\\\/\\\/apajhetvous.apajh.org\\\/braconnac\\\/droits-et-participation-des-personnes\\\/\",\"url\":\"https:\\\/\\\/apajhetvous.apajh.org\\\/braconnac\\\/droits-et-participation-des-personnes\\\/\",\"name\":\"Les droits et la participation des personnes accompagn\u00e9es - ATELIERS DE BRACONNAC\",\"isPartOf\":{\"@id\":\"https:\\\/\\\/apajhetvous.apajh.org\\\/braconnac\\\/#website\"},\"primaryImageOfPage\":{\"@id\":\"https:\\\/\\\/apajhetvous.apajh.org\\\/braconnac\\\/droits-et-participation-des-personnes\\\/#primaryimage\"},\"image\":{\"@id\":\"https:\\\/\\\/apajhetvous.apajh.org\\\/braconnac\\\/droits-et-participation-des-personnes\\\/#primaryimage\"},\"thumbnailUrl\":\"https:\\\/\\\/apajhetvous.apajh.org\\\/braconnac\\\/wp-content\\\/uploads\\\/2017\\\/01\\\/Bonhomme-e1517325646650.jpg\",\"datePublished\":\"2017-01-25T19:35:57+00:00\",\"dateModified\":\"2025-03-25T08:16:58+00:00\",\"author\":{\"@id\":\"https:\\\/\\\/apajhetvous.apajh.org\\\/braconnac\\\/#\\\/schema\\\/person\\\/6b7c082c8358f2cca1066e1fdc092550\"},\"breadcrumb\":{\"@id\":\"https:\\\/\\\/apajhetvous.apajh.org\\\/braconnac\\\/droits-et-participation-des-personnes\\\/#breadcrumb\"},\"inLanguage\":\"fr-FR\",\"potentialAction\":[{\"@type\":\"ReadAction\",\"target\":[\"https:\\\/\\\/apajhetvous.apajh.org\\\/braconnac\\\/droits-et-participation-des-personnes\\\/\"]}]},{\"@type\":\"ImageObject\",\"inLanguage\":\"fr-FR\",\"@id\":\"https:\\\/\\\/apajhetvous.apajh.org\\\/braconnac\\\/droits-et-participation-des-personnes\\\/#primaryimage\",\"url\":\"https:\\\/\\\/apajhetvous.apajh.org\\\/braconnac\\\/wp-content\\\/uploads\\\/2017\\\/01\\\/Bonhomme-e1517325646650.jpg\",\"contentUrl\":\"https:\\\/\\\/apajhetvous.apajh.org\\\/braconnac\\\/wp-content\\\/uploads\\\/2017\\\/01\\\/Bonhomme-e1517325646650.jpg\",\"width\":1000,\"height\":465,\"caption\":\"APAJH ESAT Conseil \u00e0 la vie Social\"},{\"@type\":\"BreadcrumbList\",\"@id\":\"https:\\\/\\\/apajhetvous.apajh.org\\\/braconnac\\\/droits-et-participation-des-personnes\\\/#breadcrumb\",\"itemListElement\":[{\"@type\":\"ListItem\",\"position\":1,\"name\":\"Accueil\",\"item\":\"https:\\\/\\\/apajhetvous.apajh.org\\\/braconnac\\\/\"},{\"@type\":\"ListItem\",\"position\":2,\"name\":\"Les droits et la participation des personnes accompagn\u00e9es\"}]},{\"@type\":\"WebSite\",\"@id\":\"https:\\\/\\\/apajhetvous.apajh.org\\\/braconnac\\\/#website\",\"url\":\"https:\\\/\\\/apajhetvous.apajh.org\\\/braconnac\\\/\",\"name\":\"ATELIERS DE BRACONNAC\",\"description\":\"APAJH\",\"potentialAction\":[{\"@type\":\"SearchAction\",\"target\":{\"@type\":\"EntryPoint\",\"urlTemplate\":\"https:\\\/\\\/apajhetvous.apajh.org\\\/braconnac\\\/?s={search_term_string}\"},\"query-input\":{\"@type\":\"PropertyValueSpecification\",\"valueRequired\":true,\"valueName\":\"search_term_string\"}}],\"inLanguage\":\"fr-FR\"},{\"@type\":\"Person\",\"@id\":\"https:\\\/\\\/apajhetvous.apajh.org\\\/braconnac\\\/#\\\/schema\\\/person\\\/6b7c082c8358f2cca1066e1fdc092550\",\"name\":\"admin\",\"image\":{\"@type\":\"ImageObject\",\"inLanguage\":\"fr-FR\",\"@id\":\"https:\\\/\\\/secure.gravatar.com\\\/avatar\\\/c5617b159eef4e75a7809c455eaeb8238d86b672e8a8f2dc6a0112c842ddb365?s=96&d=mm&r=g\",\"url\":\"https:\\\/\\\/secure.gravatar.com\\\/avatar\\\/c5617b159eef4e75a7809c455eaeb8238d86b672e8a8f2dc6a0112c842ddb365?s=96&d=mm&r=g\",\"contentUrl\":\"https:\\\/\\\/secure.gravatar.com\\\/avatar\\\/c5617b159eef4e75a7809c455eaeb8238d86b672e8a8f2dc6a0112c842ddb365?s=96&d=mm&r=g\",\"caption\":\"admin\"},\"url\":\"https:\\\/\\\/apajhetvous.apajh.org\\\/braconnac\\\/author\\\/admin\\\/\"}]}<\/script>\n<!-- \/ Yoast SEO plugin. -->","yoast_head_json":{"title":"Les droits et la participation des personnes accompagn\u00e9es - ATELIERS DE BRACONNAC","robots":{"index":"index","follow":"follow","max-snippet":"max-snippet:-1","max-image-preview":"max-image-preview:large","max-video-preview":"max-video-preview:-1"},"canonical":"https:\/\/apajhetvous.apajh.org\/braconnac\/droits-et-participation-des-personnes\/","og_locale":"fr_FR","og_type":"article","og_title":"Les droits et la participation des personnes accompagn\u00e9es - ATELIERS DE BRACONNAC","og_description":"L&#8217;emploi et l&rsquo;autonomie L\u2019emploi, pour une personne en situation de handicap, comme pour tout citoyen, est le moyen d\u2019assurer son autonomie. L\u2019acc\u00e8s au travail est donc un droit fondamental. La r\u00e9ussite de l\u2019insertion et du maintien en emploi repose sur un accompagnement personnalis\u00e9. Cet accompagnement est bien plus qu\u2019un simple appui : c\u2019est une d\u00e9marche","og_url":"https:\/\/apajhetvous.apajh.org\/braconnac\/droits-et-participation-des-personnes\/","og_site_name":"ATELIERS DE BRACONNAC","article_published_time":"2017-01-25T19:35:57+00:00","article_modified_time":"2025-03-25T08:16:58+00:00","og_image":[{"width":1000,"height":465,"url":"https:\/\/apajhetvous.apajh.org\/braconnac\/wp-content\/uploads\/2017\/01\/Bonhomme-e1517325646650.jpg","type":"image\/jpeg"}],"author":"admin","twitter_card":"summary_large_image","twitter_misc":{"\u00c9crit par":"admin","Dur\u00e9e de lecture estim\u00e9e":"2 minutes"},"schema":{"@context":"https:\/\/schema.org","@graph":[{"@type":"Article","@id":"https:\/\/apajhetvous.apajh.org\/braconnac\/droits-et-participation-des-personnes\/#article","isPartOf":{"@id":"https:\/\/apajhetvous.apajh.org\/braconnac\/droits-et-participation-des-personnes\/"},"author":{"name":"admin","@id":"https:\/\/apajhetvous.apajh.org\/braconnac\/#\/schema\/person\/6b7c082c8358f2cca1066e1fdc092550"},"headline":"Les droits et la participation des personnes accompagn\u00e9es","datePublished":"2017-01-25T19:35:57+00:00","dateModified":"2025-03-25T08:16:58+00:00","mainEntityOfPage":{"@id":"https:\/\/apajhetvous.apajh.org\/braconnac\/droits-et-participation-des-personnes\/"},"wordCount":229,"image":{"@id":"https:\/\/apajhetvous.apajh.org\/braconnac\/droits-et-participation-des-personnes\/#primaryimage"},"thumbnailUrl":"https:\/\/apajhetvous.apajh.org\/braconnac\/wp-content\/uploads\/2017\/01\/Bonhomme-e1517325646650.jpg","articleSection":["sous-menu Notre projet"],"inLanguage":"fr-FR"},{"@type":"WebPage","@id":"https:\/\/apajhetvous.apajh.org\/braconnac\/droits-et-participation-des-personnes\/","url":"https:\/\/apajhetvous.apajh.org\/braconnac\/droits-et-participation-des-personnes\/","name":"Les droits et la participation des personnes accompagn\u00e9es - ATELIERS DE BRACONNAC","isPartOf":{"@id":"https:\/\/apajhetvous.apajh.org\/braconnac\/#website"},"primaryImageOfPage":{"@id":"https:\/\/apajhetvous.apajh.org\/braconnac\/droits-et-participation-des-personnes\/#primaryimage"},"image":{"@id":"https:\/\/apajhetvous.apajh.org\/braconnac\/droits-et-participation-des-personnes\/#primaryimage"},"thumbnailUrl":"https:\/\/apajhetvous.apajh.org\/braconnac\/wp-content\/uploads\/2017\/01\/Bonhomme-e1517325646650.jpg","datePublished":"2017-01-25T19:35:57+00:00","dateModified":"2025-03-25T08:16:58+00:00","author":{"@id":"https:\/\/apajhetvous.apajh.org\/braconnac\/#\/schema\/person\/6b7c082c8358f2cca1066e1fdc092550"},"breadcrumb":{"@id":"https:\/\/apajhetvous.apajh.org\/braconnac\/droits-et-participation-des-personnes\/#breadcrumb"},"inLanguage":"fr-FR","potentialAction":[{"@type":"ReadAction","target":["https:\/\/apajhetvous.apajh.org\/braconnac\/droits-et-participation-des-personnes\/"]}]},{"@type":"ImageObject","inLanguage":"fr-FR","@id":"https:\/\/apajhetvous.apajh.org\/braconnac\/droits-et-participation-des-personnes\/#primaryimage","url":"https:\/\/apajhetvous.apajh.org\/braconnac\/wp-content\/uploads\/2017\/01\/Bonhomme-e1517325646650.jpg","contentUrl":"https:\/\/apajhetvous.apajh.org\/braconnac\/wp-content\/uploads\/2017\/01\/Bonhomme-e1517325646650.jpg","width":1000,"height":465,"caption":"APAJH ESAT Conseil \u00e0 la vie Social"},{"@type":"BreadcrumbList","@id":"https:\/\/apajhetvous.apajh.org\/braconnac\/droits-et-participation-des-personnes\/#breadcrumb","itemListElement":[{"@type":"ListItem","position":1,"name":"Accueil","item":"https:\/\/apajhetvous.apajh.org\/braconnac\/"},{"@type":"ListItem","position":2,"name":"Les droits et la participation des personnes accompagn\u00e9es"}]},{"@type":"WebSite","@id":"https:\/\/apajhetvous.apajh.org\/braconnac\/#website","url":"https:\/\/apajhetvous.apajh.org\/braconnac\/","name":"ATELIERS DE BRACONNAC","description":"APAJH","potentialAction":[{"@type":"SearchAction","target":{"@type":"EntryPoint","urlTemplate":"https:\/\/apajhetvous.apajh.org\/braconnac\/?s={search_term_string}"},"query-input":{"@type":"PropertyValueSpecification","valueRequired":true,"valueName":"search_term_string"}}],"inLanguage":"fr-FR"},{"@type":"Person","@id":"https:\/\/apajhetvous.apajh.org\/braconnac\/#\/schema\/person\/6b7c082c8358f2cca1066e1fdc092550","name":"admin","image":{"@type":"ImageObject","inLanguage":"fr-FR","@id":"https:\/\/secure.gravatar.com\/avatar\/c5617b159eef4e75a7809c455eaeb8238d86b672e8a8f2dc6a0112c842ddb365?s=96&d=mm&r=g","url":"https:\/\/secure.gravatar.com\/avatar\/c5617b159eef4e75a7809c455eaeb8238d86b672e8a8f2dc6a0112c842ddb365?s=96&d=mm&r=g","contentUrl":"https:\/\/secure.gravatar.com\/avatar\/c5617b159eef4e75a7809c455eaeb8238d86b672e8a8f2dc6a0112c842ddb365?s=96&d=mm&r=g","caption":"admin"},"url":"https:\/\/apajhetvous.apajh.org\/braconnac\/author\/admin\/"}]}},"_links":{"self":[{"href":"https:\/\/apajhetvous.apajh.org\/braconnac\/wp-json\/wp\/v2\/posts\/2732","targetHints":{"allow":["GET"]}}],"collection":[{"href":"https:\/\/apajhetvous.apajh.org\/braconnac\/wp-json\/wp\/v2\/posts"}],"about":[{"href":"https:\/\/apajhetvous.apajh.org\/braconnac\/wp-json\/wp\/v2\/types\/post"}],"author":[{"embeddable":true,"href":"https:\/\/apajhetvous.apajh.org\/braconnac\/wp-json\/wp\/v2\/users\/1"}],"replies":[{"embeddable":true,"href":"https:\/\/apajhetvous.apajh.org\/braconnac\/wp-json\/wp\/v2\/comments?post=2732"}],"version-history":[{"count":16,"href":"https:\/\/apajhetvous.apajh.org\/braconnac\/wp-json\/wp\/v2\/posts\/2732\/revisions"}],"predecessor-version":[{"id":4396,"href":"https:\/\/apajhetvous.apajh.org\/braconnac\/wp-json\/wp\/v2\/posts\/2732\/revisions\/4396"}],"wp:featuredmedia":[{"embeddable":true,"href":"https:\/\/apajhetvous.apajh.org\/braconnac\/wp-json\/wp\/v2\/media\/2788"}],"wp:attachment":[{"href":"https:\/\/apajhetvous.apajh.org\/braconnac\/wp-json\/wp\/v2\/media?parent=2732"}],"wp:term":[{"taxonomy":"category","embeddable":true,"href":"https:\/\/apajhetvous.apajh.org\/braconnac\/wp-json\/wp\/v2\/categories?post=2732"},{"taxonomy":"post_tag","embeddable":true,"href":"https:\/\/apajhetvous.apajh.org\/braconnac\/wp-json\/wp\/v2\/tags?post=2732"}],"curies":[{"name":"wp","href":"https:\/\/api.w.org\/{rel}","templated":true}]}}