{"id":3505,"date":"2022-03-15T11:35:26","date_gmt":"2022-03-15T10:35:26","guid":{"rendered":"https:\/\/apajhetvous.apajh.org\/braconnac\/?p=3505"},"modified":"2025-03-04T11:52:55","modified_gmt":"2025-03-04T10:52:55","slug":"lesat-a-la-seppic","status":"publish","type":"post","link":"https:\/\/apajhetvous.apajh.org\/braconnac\/lesat-a-la-seppic\/","title":{"rendered":"L\u2019ESAT \u00e0 la Seppic"},"content":{"rendered":"<p>L\u2019Atelier Entretien des locaux de l\u2019ESAT intervient chez un nouveau client, la Seppic.<\/p>\n<p>Filiale d\u2019Air Liquide, la Seppic est un fabricant d\u2019ingr\u00e9dients pour la cosm\u00e9tique, la pharmacie, la sant\u00e9.<\/p>\n<p>Elle emploie 370 collaborateurs sur le site de Castres.<\/p>\n<p><img loading=\"lazy\" decoding=\"async\" src=\"http:\/\/apajhetvous.apajh.org\/braconnac\/wp-content\/uploads\/2025\/03\/lesat-a-la-seppic-e1741005403624.png\" sizes=\"auto, (max-width: 371px) 100vw, 371px\" srcset=\"https:\/\/apajhetvous.apajh.org\/braconnac\/wp-content\/uploads\/2025\/03\/lesat-a-la-seppic-e1741005403624.png 371w, https:\/\/apajhetvous.apajh.org\/braconnac\/wp-content\/uploads\/2025\/03\/lesat-a-la-seppic-e1741005403624-300x260.png 300w\" alt=\"\" width=\"371\" height=\"322\" \/><\/p>\n","protected":false},"excerpt":{"rendered":"<p>L\u2019Atelier Entretien des locaux de l\u2019ESAT intervient chez un nouveau client, la Seppic. Filiale d\u2019Air Liquide, la Seppic est un fabricant d\u2019ingr\u00e9dients pour la cosm\u00e9tique, la pharmacie, la sant\u00e9. Elle emploie 370 collaborateurs sur le site de Castres.<\/p>\n","protected":false},"author":1338,"featured_media":3510,"comment_status":"closed","ping_status":"closed","sticky":false,"template":"","format":"standard","meta":{"_exactmetrics_skip_tracking":false,"_exactmetrics_sitenote_active":false,"_exactmetrics_sitenote_note":"","_exactmetrics_sitenote_category":0,"footnotes":""},"categories":[65,66],"tags":[],"class_list":["post-3505","post","type-post","status-publish","format-standard","has-post-thumbnail","hentry","category-notre-projet","category-vie-de-letablissement"],"yoast_head":"<!-- This site is optimized with the Yoast SEO plugin v27.3 - https:\/\/yoast.com\/product\/yoast-seo-wordpress\/ -->\n<title>L\u2019ESAT \u00e0 la Seppic - ATELIERS DE BRACONNAC<\/title>\n<meta name=\"robots\" content=\"index, follow, max-snippet:-1, max-image-preview:large, max-video-preview:-1\" \/>\n<link rel=\"canonical\" href=\"http:\/\/apajhetvous.apajh.org\/braconnac\/lesat-a-la-seppic\/\" \/>\n<meta property=\"og:locale\" content=\"fr_FR\" \/>\n<meta property=\"og:type\" content=\"article\" \/>\n<meta property=\"og:title\" content=\"L\u2019ESAT \u00e0 la Seppic - ATELIERS DE BRACONNAC\" \/>\n<meta property=\"og:description\" content=\"L\u2019Atelier Entretien des locaux de l\u2019ESAT intervient chez un nouveau client, la Seppic. Filiale d\u2019Air Liquide, la Seppic est un fabricant d\u2019ingr\u00e9dients pour la cosm\u00e9tique, la pharmacie, la sant\u00e9. Elle emploie 370 collaborateurs sur le site de Castres.\" \/>\n<meta property=\"og:url\" content=\"http:\/\/apajhetvous.apajh.org\/braconnac\/lesat-a-la-seppic\/\" \/>\n<meta property=\"og:site_name\" content=\"ATELIERS DE BRACONNAC\" \/>\n<meta property=\"article:published_time\" content=\"2022-03-15T10:35:26+00:00\" \/>\n<meta property=\"article:modified_time\" content=\"2025-03-04T10:52:55+00:00\" \/>\n<meta property=\"og:image\" content=\"http:\/\/apajhetvous.apajh.org\/braconnac\/wp-content\/uploads\/2025\/03\/Logo-Seppic-Chimie-du-Vegetal-500x500-removebg-preview.png\" \/>\n\t<meta property=\"og:image:width\" content=\"500\" \/>\n\t<meta property=\"og:image:height\" content=\"500\" \/>\n\t<meta property=\"og:image:type\" content=\"image\/png\" \/>\n<meta name=\"author\" content=\"ESAT Les Ateliers de Braconnac\" \/>\n<meta name=\"twitter:card\" content=\"summary_large_image\" \/>\n<meta name=\"twitter:label1\" content=\"\u00c9crit par\" \/>\n\t<meta name=\"twitter:data1\" content=\"ESAT Les Ateliers de Braconnac\" \/>\n\t<meta name=\"twitter:label2\" content=\"Dur\u00e9e de lecture estim\u00e9e\" \/>\n\t<meta name=\"twitter:data2\" content=\"1 minute\" \/>\n<script type=\"application\/ld+json\" class=\"yoast-schema-graph\">{\"@context\":\"https:\\\/\\\/schema.org\",\"@graph\":[{\"@type\":\"Article\",\"@id\":\"http:\\\/\\\/apajhetvous.apajh.org\\\/braconnac\\\/lesat-a-la-seppic\\\/#article\",\"isPartOf\":{\"@id\":\"http:\\\/\\\/apajhetvous.apajh.org\\\/braconnac\\\/lesat-a-la-seppic\\\/\"},\"author\":{\"name\":\"ESAT Les Ateliers de Braconnac\",\"@id\":\"https:\\\/\\\/apajhetvous.apajh.org\\\/braconnac\\\/#\\\/schema\\\/person\\\/5b6450b15aca38278374bdb36baba6a3\"},\"headline\":\"L\u2019ESAT \u00e0 la Seppic\",\"datePublished\":\"2022-03-15T10:35:26+00:00\",\"dateModified\":\"2025-03-04T10:52:55+00:00\",\"mainEntityOfPage\":{\"@id\":\"http:\\\/\\\/apajhetvous.apajh.org\\\/braconnac\\\/lesat-a-la-seppic\\\/\"},\"wordCount\":47,\"image\":{\"@id\":\"http:\\\/\\\/apajhetvous.apajh.org\\\/braconnac\\\/lesat-a-la-seppic\\\/#primaryimage\"},\"thumbnailUrl\":\"https:\\\/\\\/apajhetvous.apajh.org\\\/braconnac\\\/wp-content\\\/uploads\\\/2025\\\/03\\\/Logo-Seppic-Chimie-du-Vegetal-500x500-removebg-preview.png\",\"articleSection\":[\"Notre projet\",\"Vie de l'\u00e9tablissement\"],\"inLanguage\":\"fr-FR\"},{\"@type\":\"WebPage\",\"@id\":\"http:\\\/\\\/apajhetvous.apajh.org\\\/braconnac\\\/lesat-a-la-seppic\\\/\",\"url\":\"http:\\\/\\\/apajhetvous.apajh.org\\\/braconnac\\\/lesat-a-la-seppic\\\/\",\"name\":\"L\u2019ESAT \u00e0 la Seppic - ATELIERS DE BRACONNAC\",\"isPartOf\":{\"@id\":\"https:\\\/\\\/apajhetvous.apajh.org\\\/braconnac\\\/#website\"},\"primaryImageOfPage\":{\"@id\":\"http:\\\/\\\/apajhetvous.apajh.org\\\/braconnac\\\/lesat-a-la-seppic\\\/#primaryimage\"},\"image\":{\"@id\":\"http:\\\/\\\/apajhetvous.apajh.org\\\/braconnac\\\/lesat-a-la-seppic\\\/#primaryimage\"},\"thumbnailUrl\":\"https:\\\/\\\/apajhetvous.apajh.org\\\/braconnac\\\/wp-content\\\/uploads\\\/2025\\\/03\\\/Logo-Seppic-Chimie-du-Vegetal-500x500-removebg-preview.png\",\"datePublished\":\"2022-03-15T10:35:26+00:00\",\"dateModified\":\"2025-03-04T10:52:55+00:00\",\"author\":{\"@id\":\"https:\\\/\\\/apajhetvous.apajh.org\\\/braconnac\\\/#\\\/schema\\\/person\\\/5b6450b15aca38278374bdb36baba6a3\"},\"breadcrumb\":{\"@id\":\"http:\\\/\\\/apajhetvous.apajh.org\\\/braconnac\\\/lesat-a-la-seppic\\\/#breadcrumb\"},\"inLanguage\":\"fr-FR\",\"potentialAction\":[{\"@type\":\"ReadAction\",\"target\":[\"http:\\\/\\\/apajhetvous.apajh.org\\\/braconnac\\\/lesat-a-la-seppic\\\/\"]}]},{\"@type\":\"ImageObject\",\"inLanguage\":\"fr-FR\",\"@id\":\"http:\\\/\\\/apajhetvous.apajh.org\\\/braconnac\\\/lesat-a-la-seppic\\\/#primaryimage\",\"url\":\"https:\\\/\\\/apajhetvous.apajh.org\\\/braconnac\\\/wp-content\\\/uploads\\\/2025\\\/03\\\/Logo-Seppic-Chimie-du-Vegetal-500x500-removebg-preview.png\",\"contentUrl\":\"https:\\\/\\\/apajhetvous.apajh.org\\\/braconnac\\\/wp-content\\\/uploads\\\/2025\\\/03\\\/Logo-Seppic-Chimie-du-Vegetal-500x500-removebg-preview.png\",\"width\":500,\"height\":500},{\"@type\":\"BreadcrumbList\",\"@id\":\"http:\\\/\\\/apajhetvous.apajh.org\\\/braconnac\\\/lesat-a-la-seppic\\\/#breadcrumb\",\"itemListElement\":[{\"@type\":\"ListItem\",\"position\":1,\"name\":\"Accueil\",\"item\":\"https:\\\/\\\/apajhetvous.apajh.org\\\/braconnac\\\/\"},{\"@type\":\"ListItem\",\"position\":2,\"name\":\"L\u2019ESAT \u00e0 la Seppic\"}]},{\"@type\":\"WebSite\",\"@id\":\"https:\\\/\\\/apajhetvous.apajh.org\\\/braconnac\\\/#website\",\"url\":\"https:\\\/\\\/apajhetvous.apajh.org\\\/braconnac\\\/\",\"name\":\"ATELIERS DE BRACONNAC\",\"description\":\"APAJH\",\"potentialAction\":[{\"@type\":\"SearchAction\",\"target\":{\"@type\":\"EntryPoint\",\"urlTemplate\":\"https:\\\/\\\/apajhetvous.apajh.org\\\/braconnac\\\/?s={search_term_string}\"},\"query-input\":{\"@type\":\"PropertyValueSpecification\",\"valueRequired\":true,\"valueName\":\"search_term_string\"}}],\"inLanguage\":\"fr-FR\"},{\"@type\":\"Person\",\"@id\":\"https:\\\/\\\/apajhetvous.apajh.org\\\/braconnac\\\/#\\\/schema\\\/person\\\/5b6450b15aca38278374bdb36baba6a3\",\"name\":\"ESAT Les Ateliers de Braconnac\",\"image\":{\"@type\":\"ImageObject\",\"inLanguage\":\"fr-FR\",\"@id\":\"https:\\\/\\\/secure.gravatar.com\\\/avatar\\\/00299170f6eeb8f6710b976e254e434bca686bf965635e168c7afd1065bcea14?s=96&d=mm&r=g\",\"url\":\"https:\\\/\\\/secure.gravatar.com\\\/avatar\\\/00299170f6eeb8f6710b976e254e434bca686bf965635e168c7afd1065bcea14?s=96&d=mm&r=g\",\"contentUrl\":\"https:\\\/\\\/secure.gravatar.com\\\/avatar\\\/00299170f6eeb8f6710b976e254e434bca686bf965635e168c7afd1065bcea14?s=96&d=mm&r=g\",\"caption\":\"ESAT Les Ateliers de Braconnac\"},\"url\":\"https:\\\/\\\/apajhetvous.apajh.org\\\/braconnac\\\/author\\\/dario-dominino-crespo\\\/\"}]}<\/script>\n<!-- \/ Yoast SEO plugin. -->","yoast_head_json":{"title":"L\u2019ESAT \u00e0 la Seppic - ATELIERS DE BRACONNAC","robots":{"index":"index","follow":"follow","max-snippet":"max-snippet:-1","max-image-preview":"max-image-preview:large","max-video-preview":"max-video-preview:-1"},"canonical":"http:\/\/apajhetvous.apajh.org\/braconnac\/lesat-a-la-seppic\/","og_locale":"fr_FR","og_type":"article","og_title":"L\u2019ESAT \u00e0 la Seppic - ATELIERS DE BRACONNAC","og_description":"L\u2019Atelier Entretien des locaux de l\u2019ESAT intervient chez un nouveau client, la Seppic. Filiale d\u2019Air Liquide, la Seppic est un fabricant d\u2019ingr\u00e9dients pour la cosm\u00e9tique, la pharmacie, la sant\u00e9. Elle emploie 370 collaborateurs sur le site de Castres.","og_url":"http:\/\/apajhetvous.apajh.org\/braconnac\/lesat-a-la-seppic\/","og_site_name":"ATELIERS DE BRACONNAC","article_published_time":"2022-03-15T10:35:26+00:00","article_modified_time":"2025-03-04T10:52:55+00:00","og_image":[{"width":500,"height":500,"url":"http:\/\/apajhetvous.apajh.org\/braconnac\/wp-content\/uploads\/2025\/03\/Logo-Seppic-Chimie-du-Vegetal-500x500-removebg-preview.png","type":"image\/png"}],"author":"ESAT Les Ateliers de Braconnac","twitter_card":"summary_large_image","twitter_misc":{"\u00c9crit par":"ESAT Les Ateliers de Braconnac","Dur\u00e9e de lecture estim\u00e9e":"1 minute"},"schema":{"@context":"https:\/\/schema.org","@graph":[{"@type":"Article","@id":"http:\/\/apajhetvous.apajh.org\/braconnac\/lesat-a-la-seppic\/#article","isPartOf":{"@id":"http:\/\/apajhetvous.apajh.org\/braconnac\/lesat-a-la-seppic\/"},"author":{"name":"ESAT Les Ateliers de Braconnac","@id":"https:\/\/apajhetvous.apajh.org\/braconnac\/#\/schema\/person\/5b6450b15aca38278374bdb36baba6a3"},"headline":"L\u2019ESAT \u00e0 la Seppic","datePublished":"2022-03-15T10:35:26+00:00","dateModified":"2025-03-04T10:52:55+00:00","mainEntityOfPage":{"@id":"http:\/\/apajhetvous.apajh.org\/braconnac\/lesat-a-la-seppic\/"},"wordCount":47,"image":{"@id":"http:\/\/apajhetvous.apajh.org\/braconnac\/lesat-a-la-seppic\/#primaryimage"},"thumbnailUrl":"https:\/\/apajhetvous.apajh.org\/braconnac\/wp-content\/uploads\/2025\/03\/Logo-Seppic-Chimie-du-Vegetal-500x500-removebg-preview.png","articleSection":["Notre projet","Vie de l'\u00e9tablissement"],"inLanguage":"fr-FR"},{"@type":"WebPage","@id":"http:\/\/apajhetvous.apajh.org\/braconnac\/lesat-a-la-seppic\/","url":"http:\/\/apajhetvous.apajh.org\/braconnac\/lesat-a-la-seppic\/","name":"L\u2019ESAT \u00e0 la Seppic - ATELIERS DE BRACONNAC","isPartOf":{"@id":"https:\/\/apajhetvous.apajh.org\/braconnac\/#website"},"primaryImageOfPage":{"@id":"http:\/\/apajhetvous.apajh.org\/braconnac\/lesat-a-la-seppic\/#primaryimage"},"image":{"@id":"http:\/\/apajhetvous.apajh.org\/braconnac\/lesat-a-la-seppic\/#primaryimage"},"thumbnailUrl":"https:\/\/apajhetvous.apajh.org\/braconnac\/wp-content\/uploads\/2025\/03\/Logo-Seppic-Chimie-du-Vegetal-500x500-removebg-preview.png","datePublished":"2022-03-15T10:35:26+00:00","dateModified":"2025-03-04T10:52:55+00:00","author":{"@id":"https:\/\/apajhetvous.apajh.org\/braconnac\/#\/schema\/person\/5b6450b15aca38278374bdb36baba6a3"},"breadcrumb":{"@id":"http:\/\/apajhetvous.apajh.org\/braconnac\/lesat-a-la-seppic\/#breadcrumb"},"inLanguage":"fr-FR","potentialAction":[{"@type":"ReadAction","target":["http:\/\/apajhetvous.apajh.org\/braconnac\/lesat-a-la-seppic\/"]}]},{"@type":"ImageObject","inLanguage":"fr-FR","@id":"http:\/\/apajhetvous.apajh.org\/braconnac\/lesat-a-la-seppic\/#primaryimage","url":"https:\/\/apajhetvous.apajh.org\/braconnac\/wp-content\/uploads\/2025\/03\/Logo-Seppic-Chimie-du-Vegetal-500x500-removebg-preview.png","contentUrl":"https:\/\/apajhetvous.apajh.org\/braconnac\/wp-content\/uploads\/2025\/03\/Logo-Seppic-Chimie-du-Vegetal-500x500-removebg-preview.png","width":500,"height":500},{"@type":"BreadcrumbList","@id":"http:\/\/apajhetvous.apajh.org\/braconnac\/lesat-a-la-seppic\/#breadcrumb","itemListElement":[{"@type":"ListItem","position":1,"name":"Accueil","item":"https:\/\/apajhetvous.apajh.org\/braconnac\/"},{"@type":"ListItem","position":2,"name":"L\u2019ESAT \u00e0 la Seppic"}]},{"@type":"WebSite","@id":"https:\/\/apajhetvous.apajh.org\/braconnac\/#website","url":"https:\/\/apajhetvous.apajh.org\/braconnac\/","name":"ATELIERS DE BRACONNAC","description":"APAJH","potentialAction":[{"@type":"SearchAction","target":{"@type":"EntryPoint","urlTemplate":"https:\/\/apajhetvous.apajh.org\/braconnac\/?s={search_term_string}"},"query-input":{"@type":"PropertyValueSpecification","valueRequired":true,"valueName":"search_term_string"}}],"inLanguage":"fr-FR"},{"@type":"Person","@id":"https:\/\/apajhetvous.apajh.org\/braconnac\/#\/schema\/person\/5b6450b15aca38278374bdb36baba6a3","name":"ESAT Les Ateliers de Braconnac","image":{"@type":"ImageObject","inLanguage":"fr-FR","@id":"https:\/\/secure.gravatar.com\/avatar\/00299170f6eeb8f6710b976e254e434bca686bf965635e168c7afd1065bcea14?s=96&d=mm&r=g","url":"https:\/\/secure.gravatar.com\/avatar\/00299170f6eeb8f6710b976e254e434bca686bf965635e168c7afd1065bcea14?s=96&d=mm&r=g","contentUrl":"https:\/\/secure.gravatar.com\/avatar\/00299170f6eeb8f6710b976e254e434bca686bf965635e168c7afd1065bcea14?s=96&d=mm&r=g","caption":"ESAT Les Ateliers de Braconnac"},"url":"https:\/\/apajhetvous.apajh.org\/braconnac\/author\/dario-dominino-crespo\/"}]}},"_links":{"self":[{"href":"https:\/\/apajhetvous.apajh.org\/braconnac\/wp-json\/wp\/v2\/posts\/3505","targetHints":{"allow":["GET"]}}],"collection":[{"href":"https:\/\/apajhetvous.apajh.org\/braconnac\/wp-json\/wp\/v2\/posts"}],"about":[{"href":"https:\/\/apajhetvous.apajh.org\/braconnac\/wp-json\/wp\/v2\/types\/post"}],"author":[{"embeddable":true,"href":"https:\/\/apajhetvous.apajh.org\/braconnac\/wp-json\/wp\/v2\/users\/1338"}],"replies":[{"embeddable":true,"href":"https:\/\/apajhetvous.apajh.org\/braconnac\/wp-json\/wp\/v2\/comments?post=3505"}],"version-history":[{"count":4,"href":"https:\/\/apajhetvous.apajh.org\/braconnac\/wp-json\/wp\/v2\/posts\/3505\/revisions"}],"predecessor-version":[{"id":3511,"href":"https:\/\/apajhetvous.apajh.org\/braconnac\/wp-json\/wp\/v2\/posts\/3505\/revisions\/3511"}],"wp:featuredmedia":[{"embeddable":true,"href":"https:\/\/apajhetvous.apajh.org\/braconnac\/wp-json\/wp\/v2\/media\/3510"}],"wp:attachment":[{"href":"https:\/\/apajhetvous.apajh.org\/braconnac\/wp-json\/wp\/v2\/media?parent=3505"}],"wp:term":[{"taxonomy":"category","embeddable":true,"href":"https:\/\/apajhetvous.apajh.org\/braconnac\/wp-json\/wp\/v2\/categories?post=3505"},{"taxonomy":"post_tag","embeddable":true,"href":"https:\/\/apajhetvous.apajh.org\/braconnac\/wp-json\/wp\/v2\/tags?post=3505"}],"curies":[{"name":"wp","href":"https:\/\/api.w.org\/{rel}","templated":true}]}}