{"id":3582,"date":"2023-02-11T15:02:04","date_gmt":"2023-02-11T14:02:04","guid":{"rendered":"https:\/\/apajhetvous.apajh.org\/braconnac\/?p=3582"},"modified":"2025-03-04T11:52:13","modified_gmt":"2025-03-04T10:52:13","slug":"dechets-verts-retour-a-lenvoyeur","status":"publish","type":"post","link":"https:\/\/apajhetvous.apajh.org\/braconnac\/dechets-verts-retour-a-lenvoyeur\/","title":{"rendered":"D\u00e9chets verts : retour \u00e0 l\u2019envoyeur"},"content":{"rendered":"<p>Voici un bel exemple d\u2019\u00e9conomie circulaire<\/p>\n<p>Jusqu\u2019\u00e0 pr\u00e9sent les Espaces Verts apportaient leurs d\u00e9chets verts \u00e0 la d\u00e9chetterie Trifyl<\/p>\n<p>Depuis le d\u00e9but de l\u2019ann\u00e9e les d\u00e9chets, une fois broy\u00e9s, sont \u00e9pandus dans les champs d&rsquo;un agriculteur de Lautrec<\/p>\n<p>\t\t\t\t\t\t\t\t\t\t\t\t\t\t\t<img loading=\"lazy\" decoding=\"async\" width=\"312\" height=\"208\" src=\"http:\/\/apajhetvous.apajh.org\/braconnac\/wp-content\/uploads\/2025\/03\/dechets-verts-e1741010619778.png\" alt=\"\" srcset=\"https:\/\/apajhetvous.apajh.org\/braconnac\/wp-content\/uploads\/2025\/03\/dechets-verts-e1741010619778.png 312w, https:\/\/apajhetvous.apajh.org\/braconnac\/wp-content\/uploads\/2025\/03\/dechets-verts-e1741010619778-300x200.png 300w\" sizes=\"auto, (max-width: 312px) 100vw, 312px\" \/><\/p>\n","protected":false},"excerpt":{"rendered":"<p>Voici un bel exemple d\u2019\u00e9conomie circulaire Jusqu\u2019\u00e0 pr\u00e9sent les Espaces Verts apportaient leurs d\u00e9chets verts \u00e0 la d\u00e9chetterie Trifyl Depuis le d\u00e9but de l\u2019ann\u00e9e les d\u00e9chets, une fois broy\u00e9s, sont \u00e9pandus dans les champs d&rsquo;un agriculteur de Lautrec<\/p>\n","protected":false},"author":1338,"featured_media":3584,"comment_status":"closed","ping_status":"closed","sticky":false,"template":"","format":"standard","meta":{"_exactmetrics_skip_tracking":false,"_exactmetrics_sitenote_active":false,"_exactmetrics_sitenote_note":"","_exactmetrics_sitenote_category":0,"footnotes":""},"categories":[66],"tags":[],"class_list":["post-3582","post","type-post","status-publish","format-standard","has-post-thumbnail","hentry","category-vie-de-letablissement"],"yoast_head":"<!-- This site is optimized with the Yoast SEO plugin v27.3 - https:\/\/yoast.com\/product\/yoast-seo-wordpress\/ -->\n<title>D\u00e9chets verts : retour \u00e0 l\u2019envoyeur - ATELIERS DE BRACONNAC<\/title>\n<meta name=\"robots\" content=\"index, follow, max-snippet:-1, max-image-preview:large, max-video-preview:-1\" \/>\n<link rel=\"canonical\" href=\"https:\/\/apajhetvous.apajh.org\/braconnac\/dechets-verts-retour-a-lenvoyeur\/\" \/>\n<meta property=\"og:locale\" content=\"fr_FR\" \/>\n<meta property=\"og:type\" content=\"article\" \/>\n<meta property=\"og:title\" content=\"D\u00e9chets verts : retour \u00e0 l\u2019envoyeur - ATELIERS DE BRACONNAC\" \/>\n<meta property=\"og:description\" content=\"Voici un bel exemple d\u2019\u00e9conomie circulaire Jusqu\u2019\u00e0 pr\u00e9sent les Espaces Verts apportaient leurs d\u00e9chets verts \u00e0 la d\u00e9chetterie Trifyl Depuis le d\u00e9but de l\u2019ann\u00e9e les d\u00e9chets, une fois broy\u00e9s, sont \u00e9pandus dans les champs d&rsquo;un agriculteur de Lautrec\" \/>\n<meta property=\"og:url\" content=\"https:\/\/apajhetvous.apajh.org\/braconnac\/dechets-verts-retour-a-lenvoyeur\/\" \/>\n<meta property=\"og:site_name\" content=\"ATELIERS DE BRACONNAC\" \/>\n<meta property=\"article:published_time\" content=\"2023-02-11T14:02:04+00:00\" \/>\n<meta property=\"article:modified_time\" content=\"2025-03-04T10:52:13+00:00\" \/>\n<meta property=\"og:image\" content=\"https:\/\/apajhetvous.apajh.org\/braconnac\/wp-content\/uploads\/2025\/03\/dechets-verts-e1741010619778.png\" \/>\n\t<meta property=\"og:image:width\" content=\"312\" \/>\n\t<meta property=\"og:image:height\" content=\"208\" \/>\n\t<meta property=\"og:image:type\" content=\"image\/png\" \/>\n<meta name=\"author\" content=\"ESAT Les Ateliers de Braconnac\" \/>\n<meta name=\"twitter:card\" content=\"summary_large_image\" \/>\n<meta name=\"twitter:label1\" content=\"\u00c9crit par\" \/>\n\t<meta name=\"twitter:data1\" content=\"ESAT Les Ateliers de Braconnac\" \/>\n<script type=\"application\/ld+json\" class=\"yoast-schema-graph\">{\"@context\":\"https:\\\/\\\/schema.org\",\"@graph\":[{\"@type\":\"Article\",\"@id\":\"https:\\\/\\\/apajhetvous.apajh.org\\\/braconnac\\\/dechets-verts-retour-a-lenvoyeur\\\/#article\",\"isPartOf\":{\"@id\":\"https:\\\/\\\/apajhetvous.apajh.org\\\/braconnac\\\/dechets-verts-retour-a-lenvoyeur\\\/\"},\"author\":{\"name\":\"ESAT Les Ateliers de Braconnac\",\"@id\":\"https:\\\/\\\/apajhetvous.apajh.org\\\/braconnac\\\/#\\\/schema\\\/person\\\/5b6450b15aca38278374bdb36baba6a3\"},\"headline\":\"D\u00e9chets verts : retour \u00e0 l\u2019envoyeur\",\"datePublished\":\"2023-02-11T14:02:04+00:00\",\"dateModified\":\"2025-03-04T10:52:13+00:00\",\"mainEntityOfPage\":{\"@id\":\"https:\\\/\\\/apajhetvous.apajh.org\\\/braconnac\\\/dechets-verts-retour-a-lenvoyeur\\\/\"},\"wordCount\":53,\"image\":{\"@id\":\"https:\\\/\\\/apajhetvous.apajh.org\\\/braconnac\\\/dechets-verts-retour-a-lenvoyeur\\\/#primaryimage\"},\"thumbnailUrl\":\"https:\\\/\\\/apajhetvous.apajh.org\\\/braconnac\\\/wp-content\\\/uploads\\\/2025\\\/03\\\/dechets-verts-e1741010619778.png\",\"articleSection\":[\"Vie de l'\u00e9tablissement\"],\"inLanguage\":\"fr-FR\"},{\"@type\":\"WebPage\",\"@id\":\"https:\\\/\\\/apajhetvous.apajh.org\\\/braconnac\\\/dechets-verts-retour-a-lenvoyeur\\\/\",\"url\":\"https:\\\/\\\/apajhetvous.apajh.org\\\/braconnac\\\/dechets-verts-retour-a-lenvoyeur\\\/\",\"name\":\"D\u00e9chets verts : retour \u00e0 l\u2019envoyeur - ATELIERS DE BRACONNAC\",\"isPartOf\":{\"@id\":\"https:\\\/\\\/apajhetvous.apajh.org\\\/braconnac\\\/#website\"},\"primaryImageOfPage\":{\"@id\":\"https:\\\/\\\/apajhetvous.apajh.org\\\/braconnac\\\/dechets-verts-retour-a-lenvoyeur\\\/#primaryimage\"},\"image\":{\"@id\":\"https:\\\/\\\/apajhetvous.apajh.org\\\/braconnac\\\/dechets-verts-retour-a-lenvoyeur\\\/#primaryimage\"},\"thumbnailUrl\":\"https:\\\/\\\/apajhetvous.apajh.org\\\/braconnac\\\/wp-content\\\/uploads\\\/2025\\\/03\\\/dechets-verts-e1741010619778.png\",\"datePublished\":\"2023-02-11T14:02:04+00:00\",\"dateModified\":\"2025-03-04T10:52:13+00:00\",\"author\":{\"@id\":\"https:\\\/\\\/apajhetvous.apajh.org\\\/braconnac\\\/#\\\/schema\\\/person\\\/5b6450b15aca38278374bdb36baba6a3\"},\"breadcrumb\":{\"@id\":\"https:\\\/\\\/apajhetvous.apajh.org\\\/braconnac\\\/dechets-verts-retour-a-lenvoyeur\\\/#breadcrumb\"},\"inLanguage\":\"fr-FR\",\"potentialAction\":[{\"@type\":\"ReadAction\",\"target\":[\"https:\\\/\\\/apajhetvous.apajh.org\\\/braconnac\\\/dechets-verts-retour-a-lenvoyeur\\\/\"]}]},{\"@type\":\"ImageObject\",\"inLanguage\":\"fr-FR\",\"@id\":\"https:\\\/\\\/apajhetvous.apajh.org\\\/braconnac\\\/dechets-verts-retour-a-lenvoyeur\\\/#primaryimage\",\"url\":\"https:\\\/\\\/apajhetvous.apajh.org\\\/braconnac\\\/wp-content\\\/uploads\\\/2025\\\/03\\\/dechets-verts-e1741010619778.png\",\"contentUrl\":\"https:\\\/\\\/apajhetvous.apajh.org\\\/braconnac\\\/wp-content\\\/uploads\\\/2025\\\/03\\\/dechets-verts-e1741010619778.png\",\"width\":312,\"height\":208},{\"@type\":\"BreadcrumbList\",\"@id\":\"https:\\\/\\\/apajhetvous.apajh.org\\\/braconnac\\\/dechets-verts-retour-a-lenvoyeur\\\/#breadcrumb\",\"itemListElement\":[{\"@type\":\"ListItem\",\"position\":1,\"name\":\"Accueil\",\"item\":\"https:\\\/\\\/apajhetvous.apajh.org\\\/braconnac\\\/\"},{\"@type\":\"ListItem\",\"position\":2,\"name\":\"D\u00e9chets verts : retour \u00e0 l\u2019envoyeur\"}]},{\"@type\":\"WebSite\",\"@id\":\"https:\\\/\\\/apajhetvous.apajh.org\\\/braconnac\\\/#website\",\"url\":\"https:\\\/\\\/apajhetvous.apajh.org\\\/braconnac\\\/\",\"name\":\"ATELIERS DE BRACONNAC\",\"description\":\"APAJH\",\"potentialAction\":[{\"@type\":\"SearchAction\",\"target\":{\"@type\":\"EntryPoint\",\"urlTemplate\":\"https:\\\/\\\/apajhetvous.apajh.org\\\/braconnac\\\/?s={search_term_string}\"},\"query-input\":{\"@type\":\"PropertyValueSpecification\",\"valueRequired\":true,\"valueName\":\"search_term_string\"}}],\"inLanguage\":\"fr-FR\"},{\"@type\":\"Person\",\"@id\":\"https:\\\/\\\/apajhetvous.apajh.org\\\/braconnac\\\/#\\\/schema\\\/person\\\/5b6450b15aca38278374bdb36baba6a3\",\"name\":\"ESAT Les Ateliers de Braconnac\",\"image\":{\"@type\":\"ImageObject\",\"inLanguage\":\"fr-FR\",\"@id\":\"https:\\\/\\\/secure.gravatar.com\\\/avatar\\\/00299170f6eeb8f6710b976e254e434bca686bf965635e168c7afd1065bcea14?s=96&d=mm&r=g\",\"url\":\"https:\\\/\\\/secure.gravatar.com\\\/avatar\\\/00299170f6eeb8f6710b976e254e434bca686bf965635e168c7afd1065bcea14?s=96&d=mm&r=g\",\"contentUrl\":\"https:\\\/\\\/secure.gravatar.com\\\/avatar\\\/00299170f6eeb8f6710b976e254e434bca686bf965635e168c7afd1065bcea14?s=96&d=mm&r=g\",\"caption\":\"ESAT Les Ateliers de Braconnac\"},\"url\":\"https:\\\/\\\/apajhetvous.apajh.org\\\/braconnac\\\/author\\\/dario-dominino-crespo\\\/\"}]}<\/script>\n<!-- \/ Yoast SEO plugin. -->","yoast_head_json":{"title":"D\u00e9chets verts : retour \u00e0 l\u2019envoyeur - ATELIERS DE BRACONNAC","robots":{"index":"index","follow":"follow","max-snippet":"max-snippet:-1","max-image-preview":"max-image-preview:large","max-video-preview":"max-video-preview:-1"},"canonical":"https:\/\/apajhetvous.apajh.org\/braconnac\/dechets-verts-retour-a-lenvoyeur\/","og_locale":"fr_FR","og_type":"article","og_title":"D\u00e9chets verts : retour \u00e0 l\u2019envoyeur - ATELIERS DE BRACONNAC","og_description":"Voici un bel exemple d\u2019\u00e9conomie circulaire Jusqu\u2019\u00e0 pr\u00e9sent les Espaces Verts apportaient leurs d\u00e9chets verts \u00e0 la d\u00e9chetterie Trifyl Depuis le d\u00e9but de l\u2019ann\u00e9e les d\u00e9chets, une fois broy\u00e9s, sont \u00e9pandus dans les champs d&rsquo;un agriculteur de Lautrec","og_url":"https:\/\/apajhetvous.apajh.org\/braconnac\/dechets-verts-retour-a-lenvoyeur\/","og_site_name":"ATELIERS DE BRACONNAC","article_published_time":"2023-02-11T14:02:04+00:00","article_modified_time":"2025-03-04T10:52:13+00:00","og_image":[{"width":312,"height":208,"url":"https:\/\/apajhetvous.apajh.org\/braconnac\/wp-content\/uploads\/2025\/03\/dechets-verts-e1741010619778.png","type":"image\/png"}],"author":"ESAT Les Ateliers de Braconnac","twitter_card":"summary_large_image","twitter_misc":{"\u00c9crit par":"ESAT Les Ateliers de Braconnac"},"schema":{"@context":"https:\/\/schema.org","@graph":[{"@type":"Article","@id":"https:\/\/apajhetvous.apajh.org\/braconnac\/dechets-verts-retour-a-lenvoyeur\/#article","isPartOf":{"@id":"https:\/\/apajhetvous.apajh.org\/braconnac\/dechets-verts-retour-a-lenvoyeur\/"},"author":{"name":"ESAT Les Ateliers de Braconnac","@id":"https:\/\/apajhetvous.apajh.org\/braconnac\/#\/schema\/person\/5b6450b15aca38278374bdb36baba6a3"},"headline":"D\u00e9chets verts : retour \u00e0 l\u2019envoyeur","datePublished":"2023-02-11T14:02:04+00:00","dateModified":"2025-03-04T10:52:13+00:00","mainEntityOfPage":{"@id":"https:\/\/apajhetvous.apajh.org\/braconnac\/dechets-verts-retour-a-lenvoyeur\/"},"wordCount":53,"image":{"@id":"https:\/\/apajhetvous.apajh.org\/braconnac\/dechets-verts-retour-a-lenvoyeur\/#primaryimage"},"thumbnailUrl":"https:\/\/apajhetvous.apajh.org\/braconnac\/wp-content\/uploads\/2025\/03\/dechets-verts-e1741010619778.png","articleSection":["Vie de l'\u00e9tablissement"],"inLanguage":"fr-FR"},{"@type":"WebPage","@id":"https:\/\/apajhetvous.apajh.org\/braconnac\/dechets-verts-retour-a-lenvoyeur\/","url":"https:\/\/apajhetvous.apajh.org\/braconnac\/dechets-verts-retour-a-lenvoyeur\/","name":"D\u00e9chets verts : retour \u00e0 l\u2019envoyeur - ATELIERS DE BRACONNAC","isPartOf":{"@id":"https:\/\/apajhetvous.apajh.org\/braconnac\/#website"},"primaryImageOfPage":{"@id":"https:\/\/apajhetvous.apajh.org\/braconnac\/dechets-verts-retour-a-lenvoyeur\/#primaryimage"},"image":{"@id":"https:\/\/apajhetvous.apajh.org\/braconnac\/dechets-verts-retour-a-lenvoyeur\/#primaryimage"},"thumbnailUrl":"https:\/\/apajhetvous.apajh.org\/braconnac\/wp-content\/uploads\/2025\/03\/dechets-verts-e1741010619778.png","datePublished":"2023-02-11T14:02:04+00:00","dateModified":"2025-03-04T10:52:13+00:00","author":{"@id":"https:\/\/apajhetvous.apajh.org\/braconnac\/#\/schema\/person\/5b6450b15aca38278374bdb36baba6a3"},"breadcrumb":{"@id":"https:\/\/apajhetvous.apajh.org\/braconnac\/dechets-verts-retour-a-lenvoyeur\/#breadcrumb"},"inLanguage":"fr-FR","potentialAction":[{"@type":"ReadAction","target":["https:\/\/apajhetvous.apajh.org\/braconnac\/dechets-verts-retour-a-lenvoyeur\/"]}]},{"@type":"ImageObject","inLanguage":"fr-FR","@id":"https:\/\/apajhetvous.apajh.org\/braconnac\/dechets-verts-retour-a-lenvoyeur\/#primaryimage","url":"https:\/\/apajhetvous.apajh.org\/braconnac\/wp-content\/uploads\/2025\/03\/dechets-verts-e1741010619778.png","contentUrl":"https:\/\/apajhetvous.apajh.org\/braconnac\/wp-content\/uploads\/2025\/03\/dechets-verts-e1741010619778.png","width":312,"height":208},{"@type":"BreadcrumbList","@id":"https:\/\/apajhetvous.apajh.org\/braconnac\/dechets-verts-retour-a-lenvoyeur\/#breadcrumb","itemListElement":[{"@type":"ListItem","position":1,"name":"Accueil","item":"https:\/\/apajhetvous.apajh.org\/braconnac\/"},{"@type":"ListItem","position":2,"name":"D\u00e9chets verts : retour \u00e0 l\u2019envoyeur"}]},{"@type":"WebSite","@id":"https:\/\/apajhetvous.apajh.org\/braconnac\/#website","url":"https:\/\/apajhetvous.apajh.org\/braconnac\/","name":"ATELIERS DE BRACONNAC","description":"APAJH","potentialAction":[{"@type":"SearchAction","target":{"@type":"EntryPoint","urlTemplate":"https:\/\/apajhetvous.apajh.org\/braconnac\/?s={search_term_string}"},"query-input":{"@type":"PropertyValueSpecification","valueRequired":true,"valueName":"search_term_string"}}],"inLanguage":"fr-FR"},{"@type":"Person","@id":"https:\/\/apajhetvous.apajh.org\/braconnac\/#\/schema\/person\/5b6450b15aca38278374bdb36baba6a3","name":"ESAT Les Ateliers de Braconnac","image":{"@type":"ImageObject","inLanguage":"fr-FR","@id":"https:\/\/secure.gravatar.com\/avatar\/00299170f6eeb8f6710b976e254e434bca686bf965635e168c7afd1065bcea14?s=96&d=mm&r=g","url":"https:\/\/secure.gravatar.com\/avatar\/00299170f6eeb8f6710b976e254e434bca686bf965635e168c7afd1065bcea14?s=96&d=mm&r=g","contentUrl":"https:\/\/secure.gravatar.com\/avatar\/00299170f6eeb8f6710b976e254e434bca686bf965635e168c7afd1065bcea14?s=96&d=mm&r=g","caption":"ESAT Les Ateliers de Braconnac"},"url":"https:\/\/apajhetvous.apajh.org\/braconnac\/author\/dario-dominino-crespo\/"}]}},"_links":{"self":[{"href":"https:\/\/apajhetvous.apajh.org\/braconnac\/wp-json\/wp\/v2\/posts\/3582","targetHints":{"allow":["GET"]}}],"collection":[{"href":"https:\/\/apajhetvous.apajh.org\/braconnac\/wp-json\/wp\/v2\/posts"}],"about":[{"href":"https:\/\/apajhetvous.apajh.org\/braconnac\/wp-json\/wp\/v2\/types\/post"}],"author":[{"embeddable":true,"href":"https:\/\/apajhetvous.apajh.org\/braconnac\/wp-json\/wp\/v2\/users\/1338"}],"replies":[{"embeddable":true,"href":"https:\/\/apajhetvous.apajh.org\/braconnac\/wp-json\/wp\/v2\/comments?post=3582"}],"version-history":[{"count":7,"href":"https:\/\/apajhetvous.apajh.org\/braconnac\/wp-json\/wp\/v2\/posts\/3582\/revisions"}],"predecessor-version":[{"id":3591,"href":"https:\/\/apajhetvous.apajh.org\/braconnac\/wp-json\/wp\/v2\/posts\/3582\/revisions\/3591"}],"wp:featuredmedia":[{"embeddable":true,"href":"https:\/\/apajhetvous.apajh.org\/braconnac\/wp-json\/wp\/v2\/media\/3584"}],"wp:attachment":[{"href":"https:\/\/apajhetvous.apajh.org\/braconnac\/wp-json\/wp\/v2\/media?parent=3582"}],"wp:term":[{"taxonomy":"category","embeddable":true,"href":"https:\/\/apajhetvous.apajh.org\/braconnac\/wp-json\/wp\/v2\/categories?post=3582"},{"taxonomy":"post_tag","embeddable":true,"href":"https:\/\/apajhetvous.apajh.org\/braconnac\/wp-json\/wp\/v2\/tags?post=3582"}],"curies":[{"name":"wp","href":"https:\/\/api.w.org\/{rel}","templated":true}]}}