{"id":3652,"date":"2024-05-22T16:25:15","date_gmt":"2024-05-22T14:25:15","guid":{"rendered":"https:\/\/apajhetvous.apajh.org\/braconnac\/?p=3652"},"modified":"2025-03-04T11:49:29","modified_gmt":"2025-03-04T10:49:29","slug":"le-18-mai-parlons-daccessibilite","status":"publish","type":"post","link":"https:\/\/apajhetvous.apajh.org\/braconnac\/le-18-mai-parlons-daccessibilite\/","title":{"rendered":"Le 18 mai, parlons d\u2019accessibilit\u00e9 !"},"content":{"rendered":"<p>Le 18 mai 2024 la journ\u00e9e mondiale de sensibilisation \u00e0 l\u2019accessibilit\u00e9, une occasion pour faire conna\u00eetre cette notion et de rappeler les bonnes pratiques.<\/p>\n<p>Cet \u00e9v\u00e8nement vise \u00e0 sensibiliser tous les fran\u00e7ais au sujet de l\u2019accessibilit\u00e9 et de ses enjeux pour les personnes en situation de handicap, mais pas seulement.<\/p>\n<p>L\u2019accessibilit\u00e9 c\u2019est permettre \u00e0 chaque personne, en situation de handicap ou non, d\u2019avoir acc\u00e8s \u00e0 un service ou produit au m\u00eame titre qu\u2019une autre, de fa\u00e7on autonome, dans une d\u00e9marche de libre acc\u00e8s et d\u2019\u00e9quit\u00e9<\/p>\n<p>L\u2019APAJH milite pour une soci\u00e9t\u00e9 qui met la personne au premier plan.<br \/>C\u2019est dans cette d\u00e9marche qu\u2019a \u00e9t\u00e9 cr\u00e9\u00e9 la Charte de Paris pour l\u2019accessibilit\u00e9 universelle (21 mars 2024)<br \/>L\u2019accessibilit\u00e9 universelle, c\u2019est la garantie pour tous de l\u2019acc\u00e8s :<\/p>\n<ul>\n<li>\u00e0 l\u2019\u00e9cole<\/li>\n<li>\u00e0 l\u2019emploi<\/li>\n<li>\u00a0au logement<\/li>\n<li>aux soins<\/li>\n<li>aux pratiques sportives et culturelles<\/li>\n<li>aux loisirs<\/li>\n<li>aux droits civiques<\/li>\n<li>\u00a0au num\u00e9rique<\/li>\n<li>\u00a0\u00e0 la vie affective<\/li>\n<\/ul>\n<p>\t\t\t\t\t\t\t\t\t\t\t\t\t\t\t<img loading=\"lazy\" decoding=\"async\" width=\"2560\" height=\"2560\" src=\"http:\/\/apajhetvous.apajh.org\/braconnac\/wp-content\/uploads\/2024\/05\/17882278-scaled.jpg\" alt=\"\" srcset=\"https:\/\/apajhetvous.apajh.org\/braconnac\/wp-content\/uploads\/2024\/05\/17882278-scaled.jpg 2560w, https:\/\/apajhetvous.apajh.org\/braconnac\/wp-content\/uploads\/2024\/05\/17882278-300x300.jpg 300w, https:\/\/apajhetvous.apajh.org\/braconnac\/wp-content\/uploads\/2024\/05\/17882278-1024x1024.jpg 1024w, https:\/\/apajhetvous.apajh.org\/braconnac\/wp-content\/uploads\/2024\/05\/17882278-150x150.jpg 150w, https:\/\/apajhetvous.apajh.org\/braconnac\/wp-content\/uploads\/2024\/05\/17882278-768x768.jpg 768w, https:\/\/apajhetvous.apajh.org\/braconnac\/wp-content\/uploads\/2024\/05\/17882278-1536x1536.jpg 1536w, https:\/\/apajhetvous.apajh.org\/braconnac\/wp-content\/uploads\/2024\/05\/17882278-2048x2048.jpg 2048w, https:\/\/apajhetvous.apajh.org\/braconnac\/wp-content\/uploads\/2024\/05\/17882278-370x370.jpg 370w, https:\/\/apajhetvous.apajh.org\/braconnac\/wp-content\/uploads\/2024\/05\/17882278-1320x1320.jpg 1320w\" sizes=\"auto, (max-width: 2560px) 100vw, 2560px\" \/>\t\t\t\t\t\t\t\t\t\t\t\t\t\t\t<\/p>\n<p>L\u2019accessibilit\u00e9 universelle prend en compte toutes les situations de handicap. La personne en situation de handicap est actrice dans la soci\u00e9t\u00e9 et a donc le droit \u00e0 circuler partout librement.<\/p>\n","protected":false},"excerpt":{"rendered":"<p>Le 18 mai 2024 la journ\u00e9e mondiale de sensibilisation \u00e0 l\u2019accessibilit\u00e9, une occasion pour faire conna\u00eetre cette notion et de rappeler les bonnes pratiques. Cet \u00e9v\u00e8nement vise \u00e0 sensibiliser tous les fran\u00e7ais au sujet de l\u2019accessibilit\u00e9 et de ses enjeux pour les personnes en situation de handicap, mais pas seulement. L\u2019accessibilit\u00e9 c\u2019est permettre \u00e0 chaque<\/p>\n","protected":false},"author":1338,"featured_media":3659,"comment_status":"closed","ping_status":"closed","sticky":false,"template":"","format":"standard","meta":{"_exactmetrics_skip_tracking":false,"_exactmetrics_sitenote_active":false,"_exactmetrics_sitenote_note":"","_exactmetrics_sitenote_category":0,"footnotes":""},"categories":[66],"tags":[],"class_list":["post-3652","post","type-post","status-publish","format-standard","has-post-thumbnail","hentry","category-vie-de-letablissement"],"yoast_head":"<!-- This site is optimized with the Yoast SEO plugin v27.3 - https:\/\/yoast.com\/product\/yoast-seo-wordpress\/ -->\n<title>Le 18 mai, parlons d\u2019accessibilit\u00e9 ! - ATELIERS DE BRACONNAC<\/title>\n<meta name=\"robots\" content=\"index, follow, max-snippet:-1, max-image-preview:large, max-video-preview:-1\" \/>\n<link rel=\"canonical\" href=\"https:\/\/apajhetvous.apajh.org\/braconnac\/le-18-mai-parlons-daccessibilite\/\" \/>\n<meta property=\"og:locale\" content=\"fr_FR\" \/>\n<meta property=\"og:type\" content=\"article\" \/>\n<meta property=\"og:title\" content=\"Le 18 mai, parlons d\u2019accessibilit\u00e9 ! - ATELIERS DE BRACONNAC\" \/>\n<meta property=\"og:description\" content=\"Le 18 mai 2024 la journ\u00e9e mondiale de sensibilisation \u00e0 l\u2019accessibilit\u00e9, une occasion pour faire conna\u00eetre cette notion et de rappeler les bonnes pratiques. Cet \u00e9v\u00e8nement vise \u00e0 sensibiliser tous les fran\u00e7ais au sujet de l\u2019accessibilit\u00e9 et de ses enjeux pour les personnes en situation de handicap, mais pas seulement. L\u2019accessibilit\u00e9 c\u2019est permettre \u00e0 chaque\" \/>\n<meta property=\"og:url\" content=\"https:\/\/apajhetvous.apajh.org\/braconnac\/le-18-mai-parlons-daccessibilite\/\" \/>\n<meta property=\"og:site_name\" content=\"ATELIERS DE BRACONNAC\" \/>\n<meta property=\"article:published_time\" content=\"2024-05-22T14:25:15+00:00\" \/>\n<meta property=\"article:modified_time\" content=\"2025-03-04T10:49:29+00:00\" \/>\n<meta property=\"og:image\" content=\"https:\/\/apajhetvous.apajh.org\/braconnac\/wp-content\/uploads\/2024\/05\/9874285.jpg\" \/>\n\t<meta property=\"og:image:width\" content=\"2000\" \/>\n\t<meta property=\"og:image:height\" content=\"2000\" \/>\n\t<meta property=\"og:image:type\" content=\"image\/jpeg\" \/>\n<meta name=\"author\" content=\"ESAT Les Ateliers de Braconnac\" \/>\n<meta name=\"twitter:card\" content=\"summary_large_image\" \/>\n<meta name=\"twitter:label1\" content=\"\u00c9crit par\" \/>\n\t<meta name=\"twitter:data1\" content=\"ESAT Les Ateliers de Braconnac\" \/>\n\t<meta name=\"twitter:label2\" content=\"Dur\u00e9e de lecture estim\u00e9e\" \/>\n\t<meta name=\"twitter:data2\" content=\"1 minute\" \/>\n<script type=\"application\/ld+json\" class=\"yoast-schema-graph\">{\"@context\":\"https:\\\/\\\/schema.org\",\"@graph\":[{\"@type\":\"Article\",\"@id\":\"https:\\\/\\\/apajhetvous.apajh.org\\\/braconnac\\\/le-18-mai-parlons-daccessibilite\\\/#article\",\"isPartOf\":{\"@id\":\"https:\\\/\\\/apajhetvous.apajh.org\\\/braconnac\\\/le-18-mai-parlons-daccessibilite\\\/\"},\"author\":{\"name\":\"ESAT Les Ateliers de Braconnac\",\"@id\":\"https:\\\/\\\/apajhetvous.apajh.org\\\/braconnac\\\/#\\\/schema\\\/person\\\/5b6450b15aca38278374bdb36baba6a3\"},\"headline\":\"Le 18 mai, parlons d\u2019accessibilit\u00e9 !\",\"datePublished\":\"2024-05-22T14:25:15+00:00\",\"dateModified\":\"2025-03-04T10:49:29+00:00\",\"mainEntityOfPage\":{\"@id\":\"https:\\\/\\\/apajhetvous.apajh.org\\\/braconnac\\\/le-18-mai-parlons-daccessibilite\\\/\"},\"wordCount\":201,\"image\":{\"@id\":\"https:\\\/\\\/apajhetvous.apajh.org\\\/braconnac\\\/le-18-mai-parlons-daccessibilite\\\/#primaryimage\"},\"thumbnailUrl\":\"https:\\\/\\\/apajhetvous.apajh.org\\\/braconnac\\\/wp-content\\\/uploads\\\/2024\\\/05\\\/9874285.jpg\",\"articleSection\":[\"Vie de l'\u00e9tablissement\"],\"inLanguage\":\"fr-FR\"},{\"@type\":\"WebPage\",\"@id\":\"https:\\\/\\\/apajhetvous.apajh.org\\\/braconnac\\\/le-18-mai-parlons-daccessibilite\\\/\",\"url\":\"https:\\\/\\\/apajhetvous.apajh.org\\\/braconnac\\\/le-18-mai-parlons-daccessibilite\\\/\",\"name\":\"Le 18 mai, parlons d\u2019accessibilit\u00e9 ! - ATELIERS DE BRACONNAC\",\"isPartOf\":{\"@id\":\"https:\\\/\\\/apajhetvous.apajh.org\\\/braconnac\\\/#website\"},\"primaryImageOfPage\":{\"@id\":\"https:\\\/\\\/apajhetvous.apajh.org\\\/braconnac\\\/le-18-mai-parlons-daccessibilite\\\/#primaryimage\"},\"image\":{\"@id\":\"https:\\\/\\\/apajhetvous.apajh.org\\\/braconnac\\\/le-18-mai-parlons-daccessibilite\\\/#primaryimage\"},\"thumbnailUrl\":\"https:\\\/\\\/apajhetvous.apajh.org\\\/braconnac\\\/wp-content\\\/uploads\\\/2024\\\/05\\\/9874285.jpg\",\"datePublished\":\"2024-05-22T14:25:15+00:00\",\"dateModified\":\"2025-03-04T10:49:29+00:00\",\"author\":{\"@id\":\"https:\\\/\\\/apajhetvous.apajh.org\\\/braconnac\\\/#\\\/schema\\\/person\\\/5b6450b15aca38278374bdb36baba6a3\"},\"breadcrumb\":{\"@id\":\"https:\\\/\\\/apajhetvous.apajh.org\\\/braconnac\\\/le-18-mai-parlons-daccessibilite\\\/#breadcrumb\"},\"inLanguage\":\"fr-FR\",\"potentialAction\":[{\"@type\":\"ReadAction\",\"target\":[\"https:\\\/\\\/apajhetvous.apajh.org\\\/braconnac\\\/le-18-mai-parlons-daccessibilite\\\/\"]}]},{\"@type\":\"ImageObject\",\"inLanguage\":\"fr-FR\",\"@id\":\"https:\\\/\\\/apajhetvous.apajh.org\\\/braconnac\\\/le-18-mai-parlons-daccessibilite\\\/#primaryimage\",\"url\":\"https:\\\/\\\/apajhetvous.apajh.org\\\/braconnac\\\/wp-content\\\/uploads\\\/2024\\\/05\\\/9874285.jpg\",\"contentUrl\":\"https:\\\/\\\/apajhetvous.apajh.org\\\/braconnac\\\/wp-content\\\/uploads\\\/2024\\\/05\\\/9874285.jpg\",\"width\":2000,\"height\":2000},{\"@type\":\"BreadcrumbList\",\"@id\":\"https:\\\/\\\/apajhetvous.apajh.org\\\/braconnac\\\/le-18-mai-parlons-daccessibilite\\\/#breadcrumb\",\"itemListElement\":[{\"@type\":\"ListItem\",\"position\":1,\"name\":\"Accueil\",\"item\":\"https:\\\/\\\/apajhetvous.apajh.org\\\/braconnac\\\/\"},{\"@type\":\"ListItem\",\"position\":2,\"name\":\"Le 18 mai, parlons d\u2019accessibilit\u00e9 !\"}]},{\"@type\":\"WebSite\",\"@id\":\"https:\\\/\\\/apajhetvous.apajh.org\\\/braconnac\\\/#website\",\"url\":\"https:\\\/\\\/apajhetvous.apajh.org\\\/braconnac\\\/\",\"name\":\"ATELIERS DE BRACONNAC\",\"description\":\"APAJH\",\"potentialAction\":[{\"@type\":\"SearchAction\",\"target\":{\"@type\":\"EntryPoint\",\"urlTemplate\":\"https:\\\/\\\/apajhetvous.apajh.org\\\/braconnac\\\/?s={search_term_string}\"},\"query-input\":{\"@type\":\"PropertyValueSpecification\",\"valueRequired\":true,\"valueName\":\"search_term_string\"}}],\"inLanguage\":\"fr-FR\"},{\"@type\":\"Person\",\"@id\":\"https:\\\/\\\/apajhetvous.apajh.org\\\/braconnac\\\/#\\\/schema\\\/person\\\/5b6450b15aca38278374bdb36baba6a3\",\"name\":\"ESAT Les Ateliers de Braconnac\",\"image\":{\"@type\":\"ImageObject\",\"inLanguage\":\"fr-FR\",\"@id\":\"https:\\\/\\\/secure.gravatar.com\\\/avatar\\\/00299170f6eeb8f6710b976e254e434bca686bf965635e168c7afd1065bcea14?s=96&d=mm&r=g\",\"url\":\"https:\\\/\\\/secure.gravatar.com\\\/avatar\\\/00299170f6eeb8f6710b976e254e434bca686bf965635e168c7afd1065bcea14?s=96&d=mm&r=g\",\"contentUrl\":\"https:\\\/\\\/secure.gravatar.com\\\/avatar\\\/00299170f6eeb8f6710b976e254e434bca686bf965635e168c7afd1065bcea14?s=96&d=mm&r=g\",\"caption\":\"ESAT Les Ateliers de Braconnac\"},\"url\":\"https:\\\/\\\/apajhetvous.apajh.org\\\/braconnac\\\/author\\\/dario-dominino-crespo\\\/\"}]}<\/script>\n<!-- \/ Yoast SEO plugin. -->","yoast_head_json":{"title":"Le 18 mai, parlons d\u2019accessibilit\u00e9 ! - ATELIERS DE BRACONNAC","robots":{"index":"index","follow":"follow","max-snippet":"max-snippet:-1","max-image-preview":"max-image-preview:large","max-video-preview":"max-video-preview:-1"},"canonical":"https:\/\/apajhetvous.apajh.org\/braconnac\/le-18-mai-parlons-daccessibilite\/","og_locale":"fr_FR","og_type":"article","og_title":"Le 18 mai, parlons d\u2019accessibilit\u00e9 ! - ATELIERS DE BRACONNAC","og_description":"Le 18 mai 2024 la journ\u00e9e mondiale de sensibilisation \u00e0 l\u2019accessibilit\u00e9, une occasion pour faire conna\u00eetre cette notion et de rappeler les bonnes pratiques. Cet \u00e9v\u00e8nement vise \u00e0 sensibiliser tous les fran\u00e7ais au sujet de l\u2019accessibilit\u00e9 et de ses enjeux pour les personnes en situation de handicap, mais pas seulement. L\u2019accessibilit\u00e9 c\u2019est permettre \u00e0 chaque","og_url":"https:\/\/apajhetvous.apajh.org\/braconnac\/le-18-mai-parlons-daccessibilite\/","og_site_name":"ATELIERS DE BRACONNAC","article_published_time":"2024-05-22T14:25:15+00:00","article_modified_time":"2025-03-04T10:49:29+00:00","og_image":[{"width":2000,"height":2000,"url":"https:\/\/apajhetvous.apajh.org\/braconnac\/wp-content\/uploads\/2024\/05\/9874285.jpg","type":"image\/jpeg"}],"author":"ESAT Les Ateliers de Braconnac","twitter_card":"summary_large_image","twitter_misc":{"\u00c9crit par":"ESAT Les Ateliers de Braconnac","Dur\u00e9e de lecture estim\u00e9e":"1 minute"},"schema":{"@context":"https:\/\/schema.org","@graph":[{"@type":"Article","@id":"https:\/\/apajhetvous.apajh.org\/braconnac\/le-18-mai-parlons-daccessibilite\/#article","isPartOf":{"@id":"https:\/\/apajhetvous.apajh.org\/braconnac\/le-18-mai-parlons-daccessibilite\/"},"author":{"name":"ESAT Les Ateliers de Braconnac","@id":"https:\/\/apajhetvous.apajh.org\/braconnac\/#\/schema\/person\/5b6450b15aca38278374bdb36baba6a3"},"headline":"Le 18 mai, parlons d\u2019accessibilit\u00e9 !","datePublished":"2024-05-22T14:25:15+00:00","dateModified":"2025-03-04T10:49:29+00:00","mainEntityOfPage":{"@id":"https:\/\/apajhetvous.apajh.org\/braconnac\/le-18-mai-parlons-daccessibilite\/"},"wordCount":201,"image":{"@id":"https:\/\/apajhetvous.apajh.org\/braconnac\/le-18-mai-parlons-daccessibilite\/#primaryimage"},"thumbnailUrl":"https:\/\/apajhetvous.apajh.org\/braconnac\/wp-content\/uploads\/2024\/05\/9874285.jpg","articleSection":["Vie de l'\u00e9tablissement"],"inLanguage":"fr-FR"},{"@type":"WebPage","@id":"https:\/\/apajhetvous.apajh.org\/braconnac\/le-18-mai-parlons-daccessibilite\/","url":"https:\/\/apajhetvous.apajh.org\/braconnac\/le-18-mai-parlons-daccessibilite\/","name":"Le 18 mai, parlons d\u2019accessibilit\u00e9 ! - ATELIERS DE BRACONNAC","isPartOf":{"@id":"https:\/\/apajhetvous.apajh.org\/braconnac\/#website"},"primaryImageOfPage":{"@id":"https:\/\/apajhetvous.apajh.org\/braconnac\/le-18-mai-parlons-daccessibilite\/#primaryimage"},"image":{"@id":"https:\/\/apajhetvous.apajh.org\/braconnac\/le-18-mai-parlons-daccessibilite\/#primaryimage"},"thumbnailUrl":"https:\/\/apajhetvous.apajh.org\/braconnac\/wp-content\/uploads\/2024\/05\/9874285.jpg","datePublished":"2024-05-22T14:25:15+00:00","dateModified":"2025-03-04T10:49:29+00:00","author":{"@id":"https:\/\/apajhetvous.apajh.org\/braconnac\/#\/schema\/person\/5b6450b15aca38278374bdb36baba6a3"},"breadcrumb":{"@id":"https:\/\/apajhetvous.apajh.org\/braconnac\/le-18-mai-parlons-daccessibilite\/#breadcrumb"},"inLanguage":"fr-FR","potentialAction":[{"@type":"ReadAction","target":["https:\/\/apajhetvous.apajh.org\/braconnac\/le-18-mai-parlons-daccessibilite\/"]}]},{"@type":"ImageObject","inLanguage":"fr-FR","@id":"https:\/\/apajhetvous.apajh.org\/braconnac\/le-18-mai-parlons-daccessibilite\/#primaryimage","url":"https:\/\/apajhetvous.apajh.org\/braconnac\/wp-content\/uploads\/2024\/05\/9874285.jpg","contentUrl":"https:\/\/apajhetvous.apajh.org\/braconnac\/wp-content\/uploads\/2024\/05\/9874285.jpg","width":2000,"height":2000},{"@type":"BreadcrumbList","@id":"https:\/\/apajhetvous.apajh.org\/braconnac\/le-18-mai-parlons-daccessibilite\/#breadcrumb","itemListElement":[{"@type":"ListItem","position":1,"name":"Accueil","item":"https:\/\/apajhetvous.apajh.org\/braconnac\/"},{"@type":"ListItem","position":2,"name":"Le 18 mai, parlons d\u2019accessibilit\u00e9 !"}]},{"@type":"WebSite","@id":"https:\/\/apajhetvous.apajh.org\/braconnac\/#website","url":"https:\/\/apajhetvous.apajh.org\/braconnac\/","name":"ATELIERS DE BRACONNAC","description":"APAJH","potentialAction":[{"@type":"SearchAction","target":{"@type":"EntryPoint","urlTemplate":"https:\/\/apajhetvous.apajh.org\/braconnac\/?s={search_term_string}"},"query-input":{"@type":"PropertyValueSpecification","valueRequired":true,"valueName":"search_term_string"}}],"inLanguage":"fr-FR"},{"@type":"Person","@id":"https:\/\/apajhetvous.apajh.org\/braconnac\/#\/schema\/person\/5b6450b15aca38278374bdb36baba6a3","name":"ESAT Les Ateliers de Braconnac","image":{"@type":"ImageObject","inLanguage":"fr-FR","@id":"https:\/\/secure.gravatar.com\/avatar\/00299170f6eeb8f6710b976e254e434bca686bf965635e168c7afd1065bcea14?s=96&d=mm&r=g","url":"https:\/\/secure.gravatar.com\/avatar\/00299170f6eeb8f6710b976e254e434bca686bf965635e168c7afd1065bcea14?s=96&d=mm&r=g","contentUrl":"https:\/\/secure.gravatar.com\/avatar\/00299170f6eeb8f6710b976e254e434bca686bf965635e168c7afd1065bcea14?s=96&d=mm&r=g","caption":"ESAT Les Ateliers de Braconnac"},"url":"https:\/\/apajhetvous.apajh.org\/braconnac\/author\/dario-dominino-crespo\/"}]}},"_links":{"self":[{"href":"https:\/\/apajhetvous.apajh.org\/braconnac\/wp-json\/wp\/v2\/posts\/3652","targetHints":{"allow":["GET"]}}],"collection":[{"href":"https:\/\/apajhetvous.apajh.org\/braconnac\/wp-json\/wp\/v2\/posts"}],"about":[{"href":"https:\/\/apajhetvous.apajh.org\/braconnac\/wp-json\/wp\/v2\/types\/post"}],"author":[{"embeddable":true,"href":"https:\/\/apajhetvous.apajh.org\/braconnac\/wp-json\/wp\/v2\/users\/1338"}],"replies":[{"embeddable":true,"href":"https:\/\/apajhetvous.apajh.org\/braconnac\/wp-json\/wp\/v2\/comments?post=3652"}],"version-history":[{"count":8,"href":"https:\/\/apajhetvous.apajh.org\/braconnac\/wp-json\/wp\/v2\/posts\/3652\/revisions"}],"predecessor-version":[{"id":3663,"href":"https:\/\/apajhetvous.apajh.org\/braconnac\/wp-json\/wp\/v2\/posts\/3652\/revisions\/3663"}],"wp:featuredmedia":[{"embeddable":true,"href":"https:\/\/apajhetvous.apajh.org\/braconnac\/wp-json\/wp\/v2\/media\/3659"}],"wp:attachment":[{"href":"https:\/\/apajhetvous.apajh.org\/braconnac\/wp-json\/wp\/v2\/media?parent=3652"}],"wp:term":[{"taxonomy":"category","embeddable":true,"href":"https:\/\/apajhetvous.apajh.org\/braconnac\/wp-json\/wp\/v2\/categories?post=3652"},{"taxonomy":"post_tag","embeddable":true,"href":"https:\/\/apajhetvous.apajh.org\/braconnac\/wp-json\/wp\/v2\/tags?post=3652"}],"curies":[{"name":"wp","href":"https:\/\/api.w.org\/{rel}","templated":true}]}}