{"id":3987,"date":"2023-07-05T10:17:11","date_gmt":"2023-07-05T08:17:11","guid":{"rendered":"https:\/\/apajhetvous.apajh.org\/dispositif-repit-rhone\/?p=3987"},"modified":"2023-10-16T16:01:43","modified_gmt":"2023-10-16T14:01:43","slug":"pique-nique-des-familles","status":"publish","type":"post","link":"https:\/\/apajhetvous.apajh.org\/dispositif-repit-rhone\/2023\/07\/05\/pique-nique-des-familles\/","title":{"rendered":"Groupe d&rsquo;expression et Pique-nique des familles"},"content":{"rendered":"\n<p>Le samedi 10 juin 2023, un groupe d&rsquo;expression et un pique-nique ont \u00e9t\u00e9 organis\u00e9 au Dispositif R\u00e9pit APAJH avec les familles signataires d&rsquo;une charte d&rsquo;accompagnements.<\/p>\n\n\n\n<p>Au programme le matin, un groupe d&rsquo;expression pour les aidants, pour permettre d&rsquo;exprimer leurs attentes et envies concernant les prestations de R\u00e9pit et l&rsquo;accompagnement propos\u00e9.<\/p>\n\n\n\n<p>Un focus a \u00e9t\u00e9 propos\u00e9 par l&rsquo;\u00e9quipe autour des perspectives concernant les actions collectives. Les familles pr\u00e9sentes ont pu participer par atelier \u00e0 une r\u00e9flexion collective qui va permettre au Dispositif R\u00e9pit de mieux cibler leurs souhaits.<\/p>\n\n\n\n<p>L&rsquo;ann\u00e9e 2023\/2024 nous permettra de mettre \u00e0 profit ces temps d&rsquo;echange.<\/p>\n\n\n\n<div class=\"wp-block-media-text alignwide is-stacked-on-mobile\"><figure class=\"wp-block-media-text__media\"><img loading=\"lazy\" decoding=\"async\" width=\"768\" height=\"1024\" src=\"https:\/\/apajhetvous.apajh.org\/dispositif-repit-rhone\/wp-content\/uploads\/2023\/07\/IMG_6931.jpeg\" alt=\"\" class=\"wp-image-4022 size-full\" srcset=\"https:\/\/apajhetvous.apajh.org\/dispositif-repit-rhone\/wp-content\/uploads\/2023\/07\/IMG_6931.jpeg 768w, https:\/\/apajhetvous.apajh.org\/dispositif-repit-rhone\/wp-content\/uploads\/2023\/07\/IMG_6931-225x300.jpeg 225w, https:\/\/apajhetvous.apajh.org\/dispositif-repit-rhone\/wp-content\/uploads\/2023\/07\/IMG_6931-370x493.jpeg 370w\" sizes=\"auto, (max-width: 768px) 100vw, 768px\" \/><\/figure><div class=\"wp-block-media-text__content\">\n<p>Photo du pique-nique avec les familles et leurs enfants.<\/p>\n<\/div><\/div>\n\n\n\n<p>Le midi un repas partag\u00e9 et un pique-nique entre enfants et parents&#8230; Suivi par une apr\u00e8s-midi \u00e0 l&rsquo;ambiance chaleureuse et festive. Ca \u00e9t\u00e9 l&rsquo;occasion de partager du temps en famille en compagnie des fr\u00e8res et s\u0153urs des aid\u00e9s.<\/p>\n\n\n\n<p><\/p>\n","protected":false},"excerpt":{"rendered":"<p>Le samedi 10 juin 2023, un groupe d&rsquo;expression et un pique-nique ont \u00e9t\u00e9 organis\u00e9 au Dispositif R\u00e9pit APAJH avec les familles signataires d&rsquo;une charte d&rsquo;accompagnements. Au programme le matin, un groupe d&rsquo;expression pour les aidants, pour permettre d&rsquo;exprimer leurs attentes et envies concernant les prestations de R\u00e9pit et l&rsquo;accompagnement propos\u00e9. Un focus a \u00e9t\u00e9 propos\u00e9<\/p>\n","protected":false},"author":4,"featured_media":4008,"comment_status":"open","ping_status":"open","sticky":false,"template":"","format":"standard","meta":{"_acf_changed":false,"_exactmetrics_skip_tracking":false,"_exactmetrics_sitenote_active":false,"_exactmetrics_sitenote_note":"","_exactmetrics_sitenote_category":0,"footnotes":""},"categories":[1],"tags":[],"class_list":["post-3987","post","type-post","status-publish","format-standard","has-post-thumbnail","hentry","category-non-classe"],"acf":[],"yoast_head":"<!-- This site is optimized with the Yoast SEO plugin v27.3 - https:\/\/yoast.com\/product\/yoast-seo-wordpress\/ -->\n<title>Groupe d&#039;expression et Pique-nique des familles - Dispositif R\u00e9pit du Rh\u00f4ne<\/title>\n<meta name=\"robots\" content=\"index, follow, max-snippet:-1, max-image-preview:large, max-video-preview:-1\" \/>\n<link rel=\"canonical\" href=\"https:\/\/apajhetvous.apajh.org\/dispositif-repit-rhone\/2023\/07\/05\/pique-nique-des-familles\/\" \/>\n<meta property=\"og:locale\" content=\"fr_FR\" \/>\n<meta property=\"og:type\" content=\"article\" \/>\n<meta property=\"og:title\" content=\"Groupe d&#039;expression et Pique-nique des familles - Dispositif R\u00e9pit du Rh\u00f4ne\" \/>\n<meta property=\"og:description\" content=\"Le samedi 10 juin 2023, un groupe d&rsquo;expression et un pique-nique ont \u00e9t\u00e9 organis\u00e9 au Dispositif R\u00e9pit APAJH avec les familles signataires d&rsquo;une charte d&rsquo;accompagnements. Au programme le matin, un groupe d&rsquo;expression pour les aidants, pour permettre d&rsquo;exprimer leurs attentes et envies concernant les prestations de R\u00e9pit et l&rsquo;accompagnement propos\u00e9. Un focus a \u00e9t\u00e9 propos\u00e9\" \/>\n<meta property=\"og:url\" content=\"https:\/\/apajhetvous.apajh.org\/dispositif-repit-rhone\/2023\/07\/05\/pique-nique-des-familles\/\" \/>\n<meta property=\"og:site_name\" content=\"Dispositif R\u00e9pit du Rh\u00f4ne\" \/>\n<meta property=\"article:published_time\" content=\"2023-07-05T08:17:11+00:00\" \/>\n<meta property=\"article:modified_time\" content=\"2023-10-16T14:01:43+00:00\" \/>\n<meta property=\"og:image\" content=\"https:\/\/apajhetvous.apajh.org\/dispositif-repit-rhone\/wp-content\/uploads\/2023\/07\/Happy-people-eating-drinking-together-communicating-scaled.jpg\" \/>\n\t<meta property=\"og:image:width\" content=\"2560\" \/>\n\t<meta property=\"og:image:height\" content=\"2560\" \/>\n\t<meta property=\"og:image:type\" content=\"image\/jpeg\" \/>\n<meta name=\"author\" content=\"cbrunet\" \/>\n<meta name=\"twitter:card\" content=\"summary_large_image\" \/>\n<meta name=\"twitter:label1\" content=\"\u00c9crit par\" \/>\n\t<meta name=\"twitter:data1\" content=\"cbrunet\" \/>\n\t<meta name=\"twitter:label2\" content=\"Dur\u00e9e de lecture estim\u00e9e\" \/>\n\t<meta name=\"twitter:data2\" content=\"1 minute\" \/>\n<script type=\"application\/ld+json\" class=\"yoast-schema-graph\">{\"@context\":\"https:\\\/\\\/schema.org\",\"@graph\":[{\"@type\":\"Article\",\"@id\":\"https:\\\/\\\/apajhetvous.apajh.org\\\/dispositif-repit-rhone\\\/2023\\\/07\\\/05\\\/pique-nique-des-familles\\\/#article\",\"isPartOf\":{\"@id\":\"https:\\\/\\\/apajhetvous.apajh.org\\\/dispositif-repit-rhone\\\/2023\\\/07\\\/05\\\/pique-nique-des-familles\\\/\"},\"author\":{\"name\":\"cbrunet\",\"@id\":\"https:\\\/\\\/apajhetvous.apajh.org\\\/dispositif-repit-rhone\\\/#\\\/schema\\\/person\\\/3eedcbba3ca94ede5fbb252a3c96464c\"},\"headline\":\"Groupe d&rsquo;expression et Pique-nique des familles\",\"datePublished\":\"2023-07-05T08:17:11+00:00\",\"dateModified\":\"2023-10-16T14:01:43+00:00\",\"mainEntityOfPage\":{\"@id\":\"https:\\\/\\\/apajhetvous.apajh.org\\\/dispositif-repit-rhone\\\/2023\\\/07\\\/05\\\/pique-nique-des-familles\\\/\"},\"wordCount\":167,\"commentCount\":0,\"image\":{\"@id\":\"https:\\\/\\\/apajhetvous.apajh.org\\\/dispositif-repit-rhone\\\/2023\\\/07\\\/05\\\/pique-nique-des-familles\\\/#primaryimage\"},\"thumbnailUrl\":\"https:\\\/\\\/apajhetvous.apajh.org\\\/dispositif-repit-rhone\\\/wp-content\\\/uploads\\\/2023\\\/07\\\/Happy-people-eating-drinking-together-communicating-scaled.jpg\",\"inLanguage\":\"fr-FR\",\"potentialAction\":[{\"@type\":\"CommentAction\",\"name\":\"Comment\",\"target\":[\"https:\\\/\\\/apajhetvous.apajh.org\\\/dispositif-repit-rhone\\\/2023\\\/07\\\/05\\\/pique-nique-des-familles\\\/#respond\"]}]},{\"@type\":\"WebPage\",\"@id\":\"https:\\\/\\\/apajhetvous.apajh.org\\\/dispositif-repit-rhone\\\/2023\\\/07\\\/05\\\/pique-nique-des-familles\\\/\",\"url\":\"https:\\\/\\\/apajhetvous.apajh.org\\\/dispositif-repit-rhone\\\/2023\\\/07\\\/05\\\/pique-nique-des-familles\\\/\",\"name\":\"Groupe d'expression et Pique-nique des familles - Dispositif R\u00e9pit du Rh\u00f4ne\",\"isPartOf\":{\"@id\":\"https:\\\/\\\/apajhetvous.apajh.org\\\/dispositif-repit-rhone\\\/#website\"},\"primaryImageOfPage\":{\"@id\":\"https:\\\/\\\/apajhetvous.apajh.org\\\/dispositif-repit-rhone\\\/2023\\\/07\\\/05\\\/pique-nique-des-familles\\\/#primaryimage\"},\"image\":{\"@id\":\"https:\\\/\\\/apajhetvous.apajh.org\\\/dispositif-repit-rhone\\\/2023\\\/07\\\/05\\\/pique-nique-des-familles\\\/#primaryimage\"},\"thumbnailUrl\":\"https:\\\/\\\/apajhetvous.apajh.org\\\/dispositif-repit-rhone\\\/wp-content\\\/uploads\\\/2023\\\/07\\\/Happy-people-eating-drinking-together-communicating-scaled.jpg\",\"datePublished\":\"2023-07-05T08:17:11+00:00\",\"dateModified\":\"2023-10-16T14:01:43+00:00\",\"author\":{\"@id\":\"https:\\\/\\\/apajhetvous.apajh.org\\\/dispositif-repit-rhone\\\/#\\\/schema\\\/person\\\/3eedcbba3ca94ede5fbb252a3c96464c\"},\"breadcrumb\":{\"@id\":\"https:\\\/\\\/apajhetvous.apajh.org\\\/dispositif-repit-rhone\\\/2023\\\/07\\\/05\\\/pique-nique-des-familles\\\/#breadcrumb\"},\"inLanguage\":\"fr-FR\",\"potentialAction\":[{\"@type\":\"ReadAction\",\"target\":[\"https:\\\/\\\/apajhetvous.apajh.org\\\/dispositif-repit-rhone\\\/2023\\\/07\\\/05\\\/pique-nique-des-familles\\\/\"]}]},{\"@type\":\"ImageObject\",\"inLanguage\":\"fr-FR\",\"@id\":\"https:\\\/\\\/apajhetvous.apajh.org\\\/dispositif-repit-rhone\\\/2023\\\/07\\\/05\\\/pique-nique-des-familles\\\/#primaryimage\",\"url\":\"https:\\\/\\\/apajhetvous.apajh.org\\\/dispositif-repit-rhone\\\/wp-content\\\/uploads\\\/2023\\\/07\\\/Happy-people-eating-drinking-together-communicating-scaled.jpg\",\"contentUrl\":\"https:\\\/\\\/apajhetvous.apajh.org\\\/dispositif-repit-rhone\\\/wp-content\\\/uploads\\\/2023\\\/07\\\/Happy-people-eating-drinking-together-communicating-scaled.jpg\",\"width\":2560,\"height\":2560,\"caption\":\"Happy people eating, drinking together, communicating under trees, playing with children. Cartoon family resting during picnic in city park vector illustration. Leisure time, outdoor activity concept\"},{\"@type\":\"BreadcrumbList\",\"@id\":\"https:\\\/\\\/apajhetvous.apajh.org\\\/dispositif-repit-rhone\\\/2023\\\/07\\\/05\\\/pique-nique-des-familles\\\/#breadcrumb\",\"itemListElement\":[{\"@type\":\"ListItem\",\"position\":1,\"name\":\"Accueil\",\"item\":\"https:\\\/\\\/apajhetvous.apajh.org\\\/dispositif-repit-rhone\\\/\"},{\"@type\":\"ListItem\",\"position\":2,\"name\":\"Groupe d&rsquo;expression et Pique-nique des familles\"}]},{\"@type\":\"WebSite\",\"@id\":\"https:\\\/\\\/apajhetvous.apajh.org\\\/dispositif-repit-rhone\\\/#website\",\"url\":\"https:\\\/\\\/apajhetvous.apajh.org\\\/dispositif-repit-rhone\\\/\",\"name\":\"Dispositif R\u00e9pit du Rh\u00f4ne\",\"description\":\"APAJH&amp; vous\",\"potentialAction\":[{\"@type\":\"SearchAction\",\"target\":{\"@type\":\"EntryPoint\",\"urlTemplate\":\"https:\\\/\\\/apajhetvous.apajh.org\\\/dispositif-repit-rhone\\\/?s={search_term_string}\"},\"query-input\":{\"@type\":\"PropertyValueSpecification\",\"valueRequired\":true,\"valueName\":\"search_term_string\"}}],\"inLanguage\":\"fr-FR\"},{\"@type\":\"Person\",\"@id\":\"https:\\\/\\\/apajhetvous.apajh.org\\\/dispositif-repit-rhone\\\/#\\\/schema\\\/person\\\/3eedcbba3ca94ede5fbb252a3c96464c\",\"name\":\"cbrunet\",\"image\":{\"@type\":\"ImageObject\",\"inLanguage\":\"fr-FR\",\"@id\":\"https:\\\/\\\/secure.gravatar.com\\\/avatar\\\/ed8a61a260f27d8c73caf57a23afe86429eb8bc80d15dae9ab20ba869ac0d964?s=96&d=mm&r=g\",\"url\":\"https:\\\/\\\/secure.gravatar.com\\\/avatar\\\/ed8a61a260f27d8c73caf57a23afe86429eb8bc80d15dae9ab20ba869ac0d964?s=96&d=mm&r=g\",\"contentUrl\":\"https:\\\/\\\/secure.gravatar.com\\\/avatar\\\/ed8a61a260f27d8c73caf57a23afe86429eb8bc80d15dae9ab20ba869ac0d964?s=96&d=mm&r=g\",\"caption\":\"cbrunet\"},\"url\":\"https:\\\/\\\/apajhetvous.apajh.org\\\/dispositif-repit-rhone\\\/author\\\/cbrunet\\\/\"}]}<\/script>\n<!-- \/ Yoast SEO plugin. -->","yoast_head_json":{"title":"Groupe d'expression et Pique-nique des familles - Dispositif R\u00e9pit du Rh\u00f4ne","robots":{"index":"index","follow":"follow","max-snippet":"max-snippet:-1","max-image-preview":"max-image-preview:large","max-video-preview":"max-video-preview:-1"},"canonical":"https:\/\/apajhetvous.apajh.org\/dispositif-repit-rhone\/2023\/07\/05\/pique-nique-des-familles\/","og_locale":"fr_FR","og_type":"article","og_title":"Groupe d'expression et Pique-nique des familles - Dispositif R\u00e9pit du Rh\u00f4ne","og_description":"Le samedi 10 juin 2023, un groupe d&rsquo;expression et un pique-nique ont \u00e9t\u00e9 organis\u00e9 au Dispositif R\u00e9pit APAJH avec les familles signataires d&rsquo;une charte d&rsquo;accompagnements. Au programme le matin, un groupe d&rsquo;expression pour les aidants, pour permettre d&rsquo;exprimer leurs attentes et envies concernant les prestations de R\u00e9pit et l&rsquo;accompagnement propos\u00e9. Un focus a \u00e9t\u00e9 propos\u00e9","og_url":"https:\/\/apajhetvous.apajh.org\/dispositif-repit-rhone\/2023\/07\/05\/pique-nique-des-familles\/","og_site_name":"Dispositif R\u00e9pit du Rh\u00f4ne","article_published_time":"2023-07-05T08:17:11+00:00","article_modified_time":"2023-10-16T14:01:43+00:00","og_image":[{"width":2560,"height":2560,"url":"https:\/\/apajhetvous.apajh.org\/dispositif-repit-rhone\/wp-content\/uploads\/2023\/07\/Happy-people-eating-drinking-together-communicating-scaled.jpg","type":"image\/jpeg"}],"author":"cbrunet","twitter_card":"summary_large_image","twitter_misc":{"\u00c9crit par":"cbrunet","Dur\u00e9e de lecture estim\u00e9e":"1 minute"},"schema":{"@context":"https:\/\/schema.org","@graph":[{"@type":"Article","@id":"https:\/\/apajhetvous.apajh.org\/dispositif-repit-rhone\/2023\/07\/05\/pique-nique-des-familles\/#article","isPartOf":{"@id":"https:\/\/apajhetvous.apajh.org\/dispositif-repit-rhone\/2023\/07\/05\/pique-nique-des-familles\/"},"author":{"name":"cbrunet","@id":"https:\/\/apajhetvous.apajh.org\/dispositif-repit-rhone\/#\/schema\/person\/3eedcbba3ca94ede5fbb252a3c96464c"},"headline":"Groupe d&rsquo;expression et Pique-nique des familles","datePublished":"2023-07-05T08:17:11+00:00","dateModified":"2023-10-16T14:01:43+00:00","mainEntityOfPage":{"@id":"https:\/\/apajhetvous.apajh.org\/dispositif-repit-rhone\/2023\/07\/05\/pique-nique-des-familles\/"},"wordCount":167,"commentCount":0,"image":{"@id":"https:\/\/apajhetvous.apajh.org\/dispositif-repit-rhone\/2023\/07\/05\/pique-nique-des-familles\/#primaryimage"},"thumbnailUrl":"https:\/\/apajhetvous.apajh.org\/dispositif-repit-rhone\/wp-content\/uploads\/2023\/07\/Happy-people-eating-drinking-together-communicating-scaled.jpg","inLanguage":"fr-FR","potentialAction":[{"@type":"CommentAction","name":"Comment","target":["https:\/\/apajhetvous.apajh.org\/dispositif-repit-rhone\/2023\/07\/05\/pique-nique-des-familles\/#respond"]}]},{"@type":"WebPage","@id":"https:\/\/apajhetvous.apajh.org\/dispositif-repit-rhone\/2023\/07\/05\/pique-nique-des-familles\/","url":"https:\/\/apajhetvous.apajh.org\/dispositif-repit-rhone\/2023\/07\/05\/pique-nique-des-familles\/","name":"Groupe d'expression et Pique-nique des familles - Dispositif R\u00e9pit du Rh\u00f4ne","isPartOf":{"@id":"https:\/\/apajhetvous.apajh.org\/dispositif-repit-rhone\/#website"},"primaryImageOfPage":{"@id":"https:\/\/apajhetvous.apajh.org\/dispositif-repit-rhone\/2023\/07\/05\/pique-nique-des-familles\/#primaryimage"},"image":{"@id":"https:\/\/apajhetvous.apajh.org\/dispositif-repit-rhone\/2023\/07\/05\/pique-nique-des-familles\/#primaryimage"},"thumbnailUrl":"https:\/\/apajhetvous.apajh.org\/dispositif-repit-rhone\/wp-content\/uploads\/2023\/07\/Happy-people-eating-drinking-together-communicating-scaled.jpg","datePublished":"2023-07-05T08:17:11+00:00","dateModified":"2023-10-16T14:01:43+00:00","author":{"@id":"https:\/\/apajhetvous.apajh.org\/dispositif-repit-rhone\/#\/schema\/person\/3eedcbba3ca94ede5fbb252a3c96464c"},"breadcrumb":{"@id":"https:\/\/apajhetvous.apajh.org\/dispositif-repit-rhone\/2023\/07\/05\/pique-nique-des-familles\/#breadcrumb"},"inLanguage":"fr-FR","potentialAction":[{"@type":"ReadAction","target":["https:\/\/apajhetvous.apajh.org\/dispositif-repit-rhone\/2023\/07\/05\/pique-nique-des-familles\/"]}]},{"@type":"ImageObject","inLanguage":"fr-FR","@id":"https:\/\/apajhetvous.apajh.org\/dispositif-repit-rhone\/2023\/07\/05\/pique-nique-des-familles\/#primaryimage","url":"https:\/\/apajhetvous.apajh.org\/dispositif-repit-rhone\/wp-content\/uploads\/2023\/07\/Happy-people-eating-drinking-together-communicating-scaled.jpg","contentUrl":"https:\/\/apajhetvous.apajh.org\/dispositif-repit-rhone\/wp-content\/uploads\/2023\/07\/Happy-people-eating-drinking-together-communicating-scaled.jpg","width":2560,"height":2560,"caption":"Happy people eating, drinking together, communicating under trees, playing with children. Cartoon family resting during picnic in city park vector illustration. Leisure time, outdoor activity concept"},{"@type":"BreadcrumbList","@id":"https:\/\/apajhetvous.apajh.org\/dispositif-repit-rhone\/2023\/07\/05\/pique-nique-des-familles\/#breadcrumb","itemListElement":[{"@type":"ListItem","position":1,"name":"Accueil","item":"https:\/\/apajhetvous.apajh.org\/dispositif-repit-rhone\/"},{"@type":"ListItem","position":2,"name":"Groupe d&rsquo;expression et Pique-nique des familles"}]},{"@type":"WebSite","@id":"https:\/\/apajhetvous.apajh.org\/dispositif-repit-rhone\/#website","url":"https:\/\/apajhetvous.apajh.org\/dispositif-repit-rhone\/","name":"Dispositif R\u00e9pit du Rh\u00f4ne","description":"APAJH&amp; vous","potentialAction":[{"@type":"SearchAction","target":{"@type":"EntryPoint","urlTemplate":"https:\/\/apajhetvous.apajh.org\/dispositif-repit-rhone\/?s={search_term_string}"},"query-input":{"@type":"PropertyValueSpecification","valueRequired":true,"valueName":"search_term_string"}}],"inLanguage":"fr-FR"},{"@type":"Person","@id":"https:\/\/apajhetvous.apajh.org\/dispositif-repit-rhone\/#\/schema\/person\/3eedcbba3ca94ede5fbb252a3c96464c","name":"cbrunet","image":{"@type":"ImageObject","inLanguage":"fr-FR","@id":"https:\/\/secure.gravatar.com\/avatar\/ed8a61a260f27d8c73caf57a23afe86429eb8bc80d15dae9ab20ba869ac0d964?s=96&d=mm&r=g","url":"https:\/\/secure.gravatar.com\/avatar\/ed8a61a260f27d8c73caf57a23afe86429eb8bc80d15dae9ab20ba869ac0d964?s=96&d=mm&r=g","contentUrl":"https:\/\/secure.gravatar.com\/avatar\/ed8a61a260f27d8c73caf57a23afe86429eb8bc80d15dae9ab20ba869ac0d964?s=96&d=mm&r=g","caption":"cbrunet"},"url":"https:\/\/apajhetvous.apajh.org\/dispositif-repit-rhone\/author\/cbrunet\/"}]}},"_links":{"self":[{"href":"https:\/\/apajhetvous.apajh.org\/dispositif-repit-rhone\/wp-json\/wp\/v2\/posts\/3987","targetHints":{"allow":["GET"]}}],"collection":[{"href":"https:\/\/apajhetvous.apajh.org\/dispositif-repit-rhone\/wp-json\/wp\/v2\/posts"}],"about":[{"href":"https:\/\/apajhetvous.apajh.org\/dispositif-repit-rhone\/wp-json\/wp\/v2\/types\/post"}],"author":[{"embeddable":true,"href":"https:\/\/apajhetvous.apajh.org\/dispositif-repit-rhone\/wp-json\/wp\/v2\/users\/4"}],"replies":[{"embeddable":true,"href":"https:\/\/apajhetvous.apajh.org\/dispositif-repit-rhone\/wp-json\/wp\/v2\/comments?post=3987"}],"version-history":[{"count":4,"href":"https:\/\/apajhetvous.apajh.org\/dispositif-repit-rhone\/wp-json\/wp\/v2\/posts\/3987\/revisions"}],"predecessor-version":[{"id":4041,"href":"https:\/\/apajhetvous.apajh.org\/dispositif-repit-rhone\/wp-json\/wp\/v2\/posts\/3987\/revisions\/4041"}],"wp:featuredmedia":[{"embeddable":true,"href":"https:\/\/apajhetvous.apajh.org\/dispositif-repit-rhone\/wp-json\/wp\/v2\/media\/4008"}],"wp:attachment":[{"href":"https:\/\/apajhetvous.apajh.org\/dispositif-repit-rhone\/wp-json\/wp\/v2\/media?parent=3987"}],"wp:term":[{"taxonomy":"category","embeddable":true,"href":"https:\/\/apajhetvous.apajh.org\/dispositif-repit-rhone\/wp-json\/wp\/v2\/categories?post=3987"},{"taxonomy":"post_tag","embeddable":true,"href":"https:\/\/apajhetvous.apajh.org\/dispositif-repit-rhone\/wp-json\/wp\/v2\/tags?post=3987"}],"curies":[{"name":"wp","href":"https:\/\/api.w.org\/{rel}","templated":true}]}}