{"id":158,"date":"2021-01-07T10:30:46","date_gmt":"2021-01-07T09:30:46","guid":{"rendered":"http:\/\/apajhetvous.apajh.org\/foyer-antony\/?p=158"},"modified":"2021-01-07T10:56:03","modified_gmt":"2021-01-07T09:56:03","slug":"signature-dune-charte-dengagement-gouvernement-apajh-dans-le-cadre-du-plan-1jeune1solution","status":"publish","type":"post","link":"https:\/\/apajhetvous.apajh.org\/foyer-antony\/2021\/01\/07\/signature-dune-charte-dengagement-gouvernement-apajh-dans-le-cadre-du-plan-1jeune1solution\/","title":{"rendered":"Signature d\u2019une charte d\u2019engagement Gouvernement\/ APAJH dans le cadre du plan #1jeune1solution"},"content":{"rendered":"<p>Deux membres de l&rsquo;\u00e9quipe \u00e9ducative du foyer, Camille et Stacy, se sont rendues au Minist\u00e8re du Travail mercredi 6 janvier 2021 afin d&rsquo;assister \u00e0 la signature de la convention pour le plan #1 jeune 1 solution.<\/p>\n<p>Un reportage vid\u00e9o leur sera d\u00e9di\u00e9 prochainement.<\/p>\n<p>En attendant voici la publication du Facebook de la f\u00e9d\u00e9ration APAJH:<\/p>\n<p><img loading=\"lazy\" decoding=\"async\" class=\"alignnone size-medium wp-image-159\" src=\"http:\/\/apajhetvous.apajh.org\/foyer-antony\/wp-content\/uploads\/2021\/01\/Signature-Charte-engagement-Gouvernement-APAJH-300x284.png\" alt=\"\" width=\"300\" height=\"284\" srcset=\"https:\/\/apajhetvous.apajh.org\/foyer-antony\/wp-content\/uploads\/2021\/01\/Signature-Charte-engagement-Gouvernement-APAJH-300x284.png 300w, https:\/\/apajhetvous.apajh.org\/foyer-antony\/wp-content\/uploads\/2021\/01\/Signature-Charte-engagement-Gouvernement-APAJH-370x350.png 370w, https:\/\/apajhetvous.apajh.org\/foyer-antony\/wp-content\/uploads\/2021\/01\/Signature-Charte-engagement-Gouvernement-APAJH.png 636w\" sizes=\"auto, (max-width: 300px) 100vw, 300px\" \/><\/p>\n<p><img loading=\"lazy\" decoding=\"async\" class=\"size-medium wp-image-162 alignleft\" src=\"http:\/\/apajhetvous.apajh.org\/foyer-antony\/wp-content\/uploads\/2021\/01\/135804014_2826021834341271_5297078298852564857_o-300x300.jpg\" alt=\"\" width=\"300\" height=\"300\" srcset=\"https:\/\/apajhetvous.apajh.org\/foyer-antony\/wp-content\/uploads\/2021\/01\/135804014_2826021834341271_5297078298852564857_o-300x300.jpg 300w, https:\/\/apajhetvous.apajh.org\/foyer-antony\/wp-content\/uploads\/2021\/01\/135804014_2826021834341271_5297078298852564857_o-150x150.jpg 150w, https:\/\/apajhetvous.apajh.org\/foyer-antony\/wp-content\/uploads\/2021\/01\/135804014_2826021834341271_5297078298852564857_o-768x768.jpg 768w, https:\/\/apajhetvous.apajh.org\/foyer-antony\/wp-content\/uploads\/2021\/01\/135804014_2826021834341271_5297078298852564857_o-1024x1024.jpg 1024w, https:\/\/apajhetvous.apajh.org\/foyer-antony\/wp-content\/uploads\/2021\/01\/135804014_2826021834341271_5297078298852564857_o-370x370.jpg 370w, https:\/\/apajhetvous.apajh.org\/foyer-antony\/wp-content\/uploads\/2021\/01\/135804014_2826021834341271_5297078298852564857_o.jpg 1130w\" sizes=\"auto, (max-width: 300px) 100vw, 300px\" \/><\/p>\n<p><img loading=\"lazy\" decoding=\"async\" class=\"alignnone size-medium wp-image-161\" src=\"http:\/\/apajhetvous.apajh.org\/foyer-antony\/wp-content\/uploads\/2021\/01\/135932878_2826021864341268_7912860140344452899_o-300x300.jpg\" alt=\"\" width=\"300\" height=\"300\" srcset=\"https:\/\/apajhetvous.apajh.org\/foyer-antony\/wp-content\/uploads\/2021\/01\/135932878_2826021864341268_7912860140344452899_o-300x300.jpg 300w, https:\/\/apajhetvous.apajh.org\/foyer-antony\/wp-content\/uploads\/2021\/01\/135932878_2826021864341268_7912860140344452899_o-150x150.jpg 150w, https:\/\/apajhetvous.apajh.org\/foyer-antony\/wp-content\/uploads\/2021\/01\/135932878_2826021864341268_7912860140344452899_o-768x768.jpg 768w, https:\/\/apajhetvous.apajh.org\/foyer-antony\/wp-content\/uploads\/2021\/01\/135932878_2826021864341268_7912860140344452899_o-1024x1024.jpg 1024w, https:\/\/apajhetvous.apajh.org\/foyer-antony\/wp-content\/uploads\/2021\/01\/135932878_2826021864341268_7912860140344452899_o-370x370.jpg 370w, https:\/\/apajhetvous.apajh.org\/foyer-antony\/wp-content\/uploads\/2021\/01\/135932878_2826021864341268_7912860140344452899_o.jpg 1200w\" sizes=\"auto, (max-width: 300px) 100vw, 300px\" \/><\/p>\n","protected":false},"excerpt":{"rendered":"<p>Deux membres de l&rsquo;\u00e9quipe \u00e9ducative du foyer, Camille et Stacy, se sont rendues au Minist\u00e8re du Travail mercredi 6 janvier 2021 afin d&rsquo;assister \u00e0 la signature de la convention pour le plan #1 jeune 1 solution. Un reportage vid\u00e9o leur sera d\u00e9di\u00e9 prochainement. En attendant voici la publication du Facebook de la f\u00e9d\u00e9ration APAJH:<\/p>\n","protected":false},"author":3,"featured_media":161,"comment_status":"closed","ping_status":"closed","sticky":false,"template":"","format":"standard","meta":{"_exactmetrics_skip_tracking":false,"_exactmetrics_sitenote_active":false,"_exactmetrics_sitenote_note":"","_exactmetrics_sitenote_category":0,"footnotes":""},"categories":[1,3,4],"tags":[],"class_list":["post-158","post","type-post","status-publish","format-standard","has-post-thumbnail","hentry","category-accueil","category-au-quotidien","category-lequipe"],"yoast_head":"<!-- This site is optimized with the Yoast SEO plugin v27.3 - https:\/\/yoast.com\/product\/yoast-seo-wordpress\/ -->\n<title>Signature d\u2019une charte d\u2019engagement Gouvernement\/ APAJH dans le cadre du plan #1jeune1solution - FOYER ANTONY<\/title>\n<meta name=\"robots\" content=\"index, follow, max-snippet:-1, max-image-preview:large, max-video-preview:-1\" \/>\n<link rel=\"canonical\" href=\"https:\/\/apajhetvous.apajh.org\/foyer-antony\/2021\/01\/07\/signature-dune-charte-dengagement-gouvernement-apajh-dans-le-cadre-du-plan-1jeune1solution\/\" \/>\n<meta property=\"og:locale\" content=\"fr_FR\" \/>\n<meta property=\"og:type\" content=\"article\" \/>\n<meta property=\"og:title\" content=\"Signature d\u2019une charte d\u2019engagement Gouvernement\/ APAJH dans le cadre du plan #1jeune1solution - FOYER ANTONY\" \/>\n<meta property=\"og:description\" content=\"Deux membres de l&rsquo;\u00e9quipe \u00e9ducative du foyer, Camille et Stacy, se sont rendues au Minist\u00e8re du Travail mercredi 6 janvier 2021 afin d&rsquo;assister \u00e0 la signature de la convention pour le plan #1 jeune 1 solution. Un reportage vid\u00e9o leur sera d\u00e9di\u00e9 prochainement. En attendant voici la publication du Facebook de la f\u00e9d\u00e9ration APAJH:\" \/>\n<meta property=\"og:url\" content=\"https:\/\/apajhetvous.apajh.org\/foyer-antony\/2021\/01\/07\/signature-dune-charte-dengagement-gouvernement-apajh-dans-le-cadre-du-plan-1jeune1solution\/\" \/>\n<meta property=\"og:site_name\" content=\"FOYER ANTONY\" \/>\n<meta property=\"article:published_time\" content=\"2021-01-07T09:30:46+00:00\" \/>\n<meta property=\"article:modified_time\" content=\"2021-01-07T09:56:03+00:00\" \/>\n<meta property=\"og:image\" content=\"https:\/\/apajhetvous.apajh.org\/foyer-antony\/wp-content\/uploads\/2021\/01\/135932878_2826021864341268_7912860140344452899_o.jpg\" \/>\n\t<meta property=\"og:image:width\" content=\"1200\" \/>\n\t<meta property=\"og:image:height\" content=\"1200\" \/>\n\t<meta property=\"og:image:type\" content=\"image\/jpeg\" \/>\n<meta name=\"author\" content=\"Fabrice Rouquet\" \/>\n<meta name=\"twitter:card\" content=\"summary_large_image\" \/>\n<meta name=\"twitter:label1\" content=\"\u00c9crit par\" \/>\n\t<meta name=\"twitter:data1\" content=\"Fabrice Rouquet\" \/>\n<script type=\"application\/ld+json\" class=\"yoast-schema-graph\">{\"@context\":\"https:\\\/\\\/schema.org\",\"@graph\":[{\"@type\":\"Article\",\"@id\":\"https:\\\/\\\/apajhetvous.apajh.org\\\/foyer-antony\\\/2021\\\/01\\\/07\\\/signature-dune-charte-dengagement-gouvernement-apajh-dans-le-cadre-du-plan-1jeune1solution\\\/#article\",\"isPartOf\":{\"@id\":\"https:\\\/\\\/apajhetvous.apajh.org\\\/foyer-antony\\\/2021\\\/01\\\/07\\\/signature-dune-charte-dengagement-gouvernement-apajh-dans-le-cadre-du-plan-1jeune1solution\\\/\"},\"author\":{\"name\":\"Fabrice Rouquet\",\"@id\":\"https:\\\/\\\/apajhetvous.apajh.org\\\/foyer-antony\\\/#\\\/schema\\\/person\\\/b864a441a9730c96a937e4074343c9ec\"},\"headline\":\"Signature d\u2019une charte d\u2019engagement Gouvernement\\\/ APAJH dans le cadre du plan #1jeune1solution\",\"datePublished\":\"2021-01-07T09:30:46+00:00\",\"dateModified\":\"2021-01-07T09:56:03+00:00\",\"mainEntityOfPage\":{\"@id\":\"https:\\\/\\\/apajhetvous.apajh.org\\\/foyer-antony\\\/2021\\\/01\\\/07\\\/signature-dune-charte-dengagement-gouvernement-apajh-dans-le-cadre-du-plan-1jeune1solution\\\/\"},\"wordCount\":71,\"image\":{\"@id\":\"https:\\\/\\\/apajhetvous.apajh.org\\\/foyer-antony\\\/2021\\\/01\\\/07\\\/signature-dune-charte-dengagement-gouvernement-apajh-dans-le-cadre-du-plan-1jeune1solution\\\/#primaryimage\"},\"thumbnailUrl\":\"https:\\\/\\\/apajhetvous.apajh.org\\\/foyer-antony\\\/wp-content\\\/uploads\\\/2021\\\/01\\\/135932878_2826021864341268_7912860140344452899_o.jpg\",\"articleSection\":[\"Accueil\",\"Au quotidien\",\"L\u2019\u00e9quipe\"],\"inLanguage\":\"fr-FR\"},{\"@type\":\"WebPage\",\"@id\":\"https:\\\/\\\/apajhetvous.apajh.org\\\/foyer-antony\\\/2021\\\/01\\\/07\\\/signature-dune-charte-dengagement-gouvernement-apajh-dans-le-cadre-du-plan-1jeune1solution\\\/\",\"url\":\"https:\\\/\\\/apajhetvous.apajh.org\\\/foyer-antony\\\/2021\\\/01\\\/07\\\/signature-dune-charte-dengagement-gouvernement-apajh-dans-le-cadre-du-plan-1jeune1solution\\\/\",\"name\":\"Signature d\u2019une charte d\u2019engagement Gouvernement\\\/ APAJH dans le cadre du plan #1jeune1solution - FOYER ANTONY\",\"isPartOf\":{\"@id\":\"https:\\\/\\\/apajhetvous.apajh.org\\\/foyer-antony\\\/#website\"},\"primaryImageOfPage\":{\"@id\":\"https:\\\/\\\/apajhetvous.apajh.org\\\/foyer-antony\\\/2021\\\/01\\\/07\\\/signature-dune-charte-dengagement-gouvernement-apajh-dans-le-cadre-du-plan-1jeune1solution\\\/#primaryimage\"},\"image\":{\"@id\":\"https:\\\/\\\/apajhetvous.apajh.org\\\/foyer-antony\\\/2021\\\/01\\\/07\\\/signature-dune-charte-dengagement-gouvernement-apajh-dans-le-cadre-du-plan-1jeune1solution\\\/#primaryimage\"},\"thumbnailUrl\":\"https:\\\/\\\/apajhetvous.apajh.org\\\/foyer-antony\\\/wp-content\\\/uploads\\\/2021\\\/01\\\/135932878_2826021864341268_7912860140344452899_o.jpg\",\"datePublished\":\"2021-01-07T09:30:46+00:00\",\"dateModified\":\"2021-01-07T09:56:03+00:00\",\"author\":{\"@id\":\"https:\\\/\\\/apajhetvous.apajh.org\\\/foyer-antony\\\/#\\\/schema\\\/person\\\/b864a441a9730c96a937e4074343c9ec\"},\"breadcrumb\":{\"@id\":\"https:\\\/\\\/apajhetvous.apajh.org\\\/foyer-antony\\\/2021\\\/01\\\/07\\\/signature-dune-charte-dengagement-gouvernement-apajh-dans-le-cadre-du-plan-1jeune1solution\\\/#breadcrumb\"},\"inLanguage\":\"fr-FR\",\"potentialAction\":[{\"@type\":\"ReadAction\",\"target\":[\"https:\\\/\\\/apajhetvous.apajh.org\\\/foyer-antony\\\/2021\\\/01\\\/07\\\/signature-dune-charte-dengagement-gouvernement-apajh-dans-le-cadre-du-plan-1jeune1solution\\\/\"]}]},{\"@type\":\"ImageObject\",\"inLanguage\":\"fr-FR\",\"@id\":\"https:\\\/\\\/apajhetvous.apajh.org\\\/foyer-antony\\\/2021\\\/01\\\/07\\\/signature-dune-charte-dengagement-gouvernement-apajh-dans-le-cadre-du-plan-1jeune1solution\\\/#primaryimage\",\"url\":\"https:\\\/\\\/apajhetvous.apajh.org\\\/foyer-antony\\\/wp-content\\\/uploads\\\/2021\\\/01\\\/135932878_2826021864341268_7912860140344452899_o.jpg\",\"contentUrl\":\"https:\\\/\\\/apajhetvous.apajh.org\\\/foyer-antony\\\/wp-content\\\/uploads\\\/2021\\\/01\\\/135932878_2826021864341268_7912860140344452899_o.jpg\",\"width\":1200,\"height\":1200},{\"@type\":\"BreadcrumbList\",\"@id\":\"https:\\\/\\\/apajhetvous.apajh.org\\\/foyer-antony\\\/2021\\\/01\\\/07\\\/signature-dune-charte-dengagement-gouvernement-apajh-dans-le-cadre-du-plan-1jeune1solution\\\/#breadcrumb\",\"itemListElement\":[{\"@type\":\"ListItem\",\"position\":1,\"name\":\"Accueil\",\"item\":\"https:\\\/\\\/apajhetvous.apajh.org\\\/foyer-antony\\\/\"},{\"@type\":\"ListItem\",\"position\":2,\"name\":\"Signature d\u2019une charte d\u2019engagement Gouvernement\\\/ APAJH dans le cadre du plan #1jeune1solution\"}]},{\"@type\":\"WebSite\",\"@id\":\"https:\\\/\\\/apajhetvous.apajh.org\\\/foyer-antony\\\/#website\",\"url\":\"https:\\\/\\\/apajhetvous.apajh.org\\\/foyer-antony\\\/\",\"name\":\"FOYER ANTONY\",\"description\":\"APAJH\",\"potentialAction\":[{\"@type\":\"SearchAction\",\"target\":{\"@type\":\"EntryPoint\",\"urlTemplate\":\"https:\\\/\\\/apajhetvous.apajh.org\\\/foyer-antony\\\/?s={search_term_string}\"},\"query-input\":{\"@type\":\"PropertyValueSpecification\",\"valueRequired\":true,\"valueName\":\"search_term_string\"}}],\"inLanguage\":\"fr-FR\"},{\"@type\":\"Person\",\"@id\":\"https:\\\/\\\/apajhetvous.apajh.org\\\/foyer-antony\\\/#\\\/schema\\\/person\\\/b864a441a9730c96a937e4074343c9ec\",\"name\":\"Fabrice Rouquet\",\"image\":{\"@type\":\"ImageObject\",\"inLanguage\":\"fr-FR\",\"@id\":\"https:\\\/\\\/secure.gravatar.com\\\/avatar\\\/8c21cb281de60cf8dc9d5030523359e543ff3eaf2ee86ad31c7aad3f7fd62f32?s=96&d=mm&r=g\",\"url\":\"https:\\\/\\\/secure.gravatar.com\\\/avatar\\\/8c21cb281de60cf8dc9d5030523359e543ff3eaf2ee86ad31c7aad3f7fd62f32?s=96&d=mm&r=g\",\"contentUrl\":\"https:\\\/\\\/secure.gravatar.com\\\/avatar\\\/8c21cb281de60cf8dc9d5030523359e543ff3eaf2ee86ad31c7aad3f7fd62f32?s=96&d=mm&r=g\",\"caption\":\"Fabrice Rouquet\"},\"url\":\"https:\\\/\\\/apajhetvous.apajh.org\\\/foyer-antony\\\/author\\\/frouquet\\\/\"}]}<\/script>\n<!-- \/ Yoast SEO plugin. -->","yoast_head_json":{"title":"Signature d\u2019une charte d\u2019engagement Gouvernement\/ APAJH dans le cadre du plan #1jeune1solution - FOYER ANTONY","robots":{"index":"index","follow":"follow","max-snippet":"max-snippet:-1","max-image-preview":"max-image-preview:large","max-video-preview":"max-video-preview:-1"},"canonical":"https:\/\/apajhetvous.apajh.org\/foyer-antony\/2021\/01\/07\/signature-dune-charte-dengagement-gouvernement-apajh-dans-le-cadre-du-plan-1jeune1solution\/","og_locale":"fr_FR","og_type":"article","og_title":"Signature d\u2019une charte d\u2019engagement Gouvernement\/ APAJH dans le cadre du plan #1jeune1solution - FOYER ANTONY","og_description":"Deux membres de l&rsquo;\u00e9quipe \u00e9ducative du foyer, Camille et Stacy, se sont rendues au Minist\u00e8re du Travail mercredi 6 janvier 2021 afin d&rsquo;assister \u00e0 la signature de la convention pour le plan #1 jeune 1 solution. Un reportage vid\u00e9o leur sera d\u00e9di\u00e9 prochainement. En attendant voici la publication du Facebook de la f\u00e9d\u00e9ration APAJH:","og_url":"https:\/\/apajhetvous.apajh.org\/foyer-antony\/2021\/01\/07\/signature-dune-charte-dengagement-gouvernement-apajh-dans-le-cadre-du-plan-1jeune1solution\/","og_site_name":"FOYER ANTONY","article_published_time":"2021-01-07T09:30:46+00:00","article_modified_time":"2021-01-07T09:56:03+00:00","og_image":[{"width":1200,"height":1200,"url":"https:\/\/apajhetvous.apajh.org\/foyer-antony\/wp-content\/uploads\/2021\/01\/135932878_2826021864341268_7912860140344452899_o.jpg","type":"image\/jpeg"}],"author":"Fabrice Rouquet","twitter_card":"summary_large_image","twitter_misc":{"\u00c9crit par":"Fabrice Rouquet"},"schema":{"@context":"https:\/\/schema.org","@graph":[{"@type":"Article","@id":"https:\/\/apajhetvous.apajh.org\/foyer-antony\/2021\/01\/07\/signature-dune-charte-dengagement-gouvernement-apajh-dans-le-cadre-du-plan-1jeune1solution\/#article","isPartOf":{"@id":"https:\/\/apajhetvous.apajh.org\/foyer-antony\/2021\/01\/07\/signature-dune-charte-dengagement-gouvernement-apajh-dans-le-cadre-du-plan-1jeune1solution\/"},"author":{"name":"Fabrice Rouquet","@id":"https:\/\/apajhetvous.apajh.org\/foyer-antony\/#\/schema\/person\/b864a441a9730c96a937e4074343c9ec"},"headline":"Signature d\u2019une charte d\u2019engagement Gouvernement\/ APAJH dans le cadre du plan #1jeune1solution","datePublished":"2021-01-07T09:30:46+00:00","dateModified":"2021-01-07T09:56:03+00:00","mainEntityOfPage":{"@id":"https:\/\/apajhetvous.apajh.org\/foyer-antony\/2021\/01\/07\/signature-dune-charte-dengagement-gouvernement-apajh-dans-le-cadre-du-plan-1jeune1solution\/"},"wordCount":71,"image":{"@id":"https:\/\/apajhetvous.apajh.org\/foyer-antony\/2021\/01\/07\/signature-dune-charte-dengagement-gouvernement-apajh-dans-le-cadre-du-plan-1jeune1solution\/#primaryimage"},"thumbnailUrl":"https:\/\/apajhetvous.apajh.org\/foyer-antony\/wp-content\/uploads\/2021\/01\/135932878_2826021864341268_7912860140344452899_o.jpg","articleSection":["Accueil","Au quotidien","L\u2019\u00e9quipe"],"inLanguage":"fr-FR"},{"@type":"WebPage","@id":"https:\/\/apajhetvous.apajh.org\/foyer-antony\/2021\/01\/07\/signature-dune-charte-dengagement-gouvernement-apajh-dans-le-cadre-du-plan-1jeune1solution\/","url":"https:\/\/apajhetvous.apajh.org\/foyer-antony\/2021\/01\/07\/signature-dune-charte-dengagement-gouvernement-apajh-dans-le-cadre-du-plan-1jeune1solution\/","name":"Signature d\u2019une charte d\u2019engagement Gouvernement\/ APAJH dans le cadre du plan #1jeune1solution - FOYER ANTONY","isPartOf":{"@id":"https:\/\/apajhetvous.apajh.org\/foyer-antony\/#website"},"primaryImageOfPage":{"@id":"https:\/\/apajhetvous.apajh.org\/foyer-antony\/2021\/01\/07\/signature-dune-charte-dengagement-gouvernement-apajh-dans-le-cadre-du-plan-1jeune1solution\/#primaryimage"},"image":{"@id":"https:\/\/apajhetvous.apajh.org\/foyer-antony\/2021\/01\/07\/signature-dune-charte-dengagement-gouvernement-apajh-dans-le-cadre-du-plan-1jeune1solution\/#primaryimage"},"thumbnailUrl":"https:\/\/apajhetvous.apajh.org\/foyer-antony\/wp-content\/uploads\/2021\/01\/135932878_2826021864341268_7912860140344452899_o.jpg","datePublished":"2021-01-07T09:30:46+00:00","dateModified":"2021-01-07T09:56:03+00:00","author":{"@id":"https:\/\/apajhetvous.apajh.org\/foyer-antony\/#\/schema\/person\/b864a441a9730c96a937e4074343c9ec"},"breadcrumb":{"@id":"https:\/\/apajhetvous.apajh.org\/foyer-antony\/2021\/01\/07\/signature-dune-charte-dengagement-gouvernement-apajh-dans-le-cadre-du-plan-1jeune1solution\/#breadcrumb"},"inLanguage":"fr-FR","potentialAction":[{"@type":"ReadAction","target":["https:\/\/apajhetvous.apajh.org\/foyer-antony\/2021\/01\/07\/signature-dune-charte-dengagement-gouvernement-apajh-dans-le-cadre-du-plan-1jeune1solution\/"]}]},{"@type":"ImageObject","inLanguage":"fr-FR","@id":"https:\/\/apajhetvous.apajh.org\/foyer-antony\/2021\/01\/07\/signature-dune-charte-dengagement-gouvernement-apajh-dans-le-cadre-du-plan-1jeune1solution\/#primaryimage","url":"https:\/\/apajhetvous.apajh.org\/foyer-antony\/wp-content\/uploads\/2021\/01\/135932878_2826021864341268_7912860140344452899_o.jpg","contentUrl":"https:\/\/apajhetvous.apajh.org\/foyer-antony\/wp-content\/uploads\/2021\/01\/135932878_2826021864341268_7912860140344452899_o.jpg","width":1200,"height":1200},{"@type":"BreadcrumbList","@id":"https:\/\/apajhetvous.apajh.org\/foyer-antony\/2021\/01\/07\/signature-dune-charte-dengagement-gouvernement-apajh-dans-le-cadre-du-plan-1jeune1solution\/#breadcrumb","itemListElement":[{"@type":"ListItem","position":1,"name":"Accueil","item":"https:\/\/apajhetvous.apajh.org\/foyer-antony\/"},{"@type":"ListItem","position":2,"name":"Signature d\u2019une charte d\u2019engagement Gouvernement\/ APAJH dans le cadre du plan #1jeune1solution"}]},{"@type":"WebSite","@id":"https:\/\/apajhetvous.apajh.org\/foyer-antony\/#website","url":"https:\/\/apajhetvous.apajh.org\/foyer-antony\/","name":"FOYER ANTONY","description":"APAJH","potentialAction":[{"@type":"SearchAction","target":{"@type":"EntryPoint","urlTemplate":"https:\/\/apajhetvous.apajh.org\/foyer-antony\/?s={search_term_string}"},"query-input":{"@type":"PropertyValueSpecification","valueRequired":true,"valueName":"search_term_string"}}],"inLanguage":"fr-FR"},{"@type":"Person","@id":"https:\/\/apajhetvous.apajh.org\/foyer-antony\/#\/schema\/person\/b864a441a9730c96a937e4074343c9ec","name":"Fabrice Rouquet","image":{"@type":"ImageObject","inLanguage":"fr-FR","@id":"https:\/\/secure.gravatar.com\/avatar\/8c21cb281de60cf8dc9d5030523359e543ff3eaf2ee86ad31c7aad3f7fd62f32?s=96&d=mm&r=g","url":"https:\/\/secure.gravatar.com\/avatar\/8c21cb281de60cf8dc9d5030523359e543ff3eaf2ee86ad31c7aad3f7fd62f32?s=96&d=mm&r=g","contentUrl":"https:\/\/secure.gravatar.com\/avatar\/8c21cb281de60cf8dc9d5030523359e543ff3eaf2ee86ad31c7aad3f7fd62f32?s=96&d=mm&r=g","caption":"Fabrice Rouquet"},"url":"https:\/\/apajhetvous.apajh.org\/foyer-antony\/author\/frouquet\/"}]}},"_links":{"self":[{"href":"https:\/\/apajhetvous.apajh.org\/foyer-antony\/wp-json\/wp\/v2\/posts\/158","targetHints":{"allow":["GET"]}}],"collection":[{"href":"https:\/\/apajhetvous.apajh.org\/foyer-antony\/wp-json\/wp\/v2\/posts"}],"about":[{"href":"https:\/\/apajhetvous.apajh.org\/foyer-antony\/wp-json\/wp\/v2\/types\/post"}],"author":[{"embeddable":true,"href":"https:\/\/apajhetvous.apajh.org\/foyer-antony\/wp-json\/wp\/v2\/users\/3"}],"replies":[{"embeddable":true,"href":"https:\/\/apajhetvous.apajh.org\/foyer-antony\/wp-json\/wp\/v2\/comments?post=158"}],"version-history":[{"count":4,"href":"https:\/\/apajhetvous.apajh.org\/foyer-antony\/wp-json\/wp\/v2\/posts\/158\/revisions"}],"predecessor-version":[{"id":165,"href":"https:\/\/apajhetvous.apajh.org\/foyer-antony\/wp-json\/wp\/v2\/posts\/158\/revisions\/165"}],"wp:featuredmedia":[{"embeddable":true,"href":"https:\/\/apajhetvous.apajh.org\/foyer-antony\/wp-json\/wp\/v2\/media\/161"}],"wp:attachment":[{"href":"https:\/\/apajhetvous.apajh.org\/foyer-antony\/wp-json\/wp\/v2\/media?parent=158"}],"wp:term":[{"taxonomy":"category","embeddable":true,"href":"https:\/\/apajhetvous.apajh.org\/foyer-antony\/wp-json\/wp\/v2\/categories?post=158"},{"taxonomy":"post_tag","embeddable":true,"href":"https:\/\/apajhetvous.apajh.org\/foyer-antony\/wp-json\/wp\/v2\/tags?post=158"}],"curies":[{"name":"wp","href":"https:\/\/api.w.org\/{rel}","templated":true}]}}