{"id":78,"date":"2018-12-06T16:04:09","date_gmt":"2018-12-06T15:04:09","guid":{"rendered":"http:\/\/apajhetvous.apajh.org\/foyer-antony\/?p=78"},"modified":"2020-04-17T15:10:22","modified_gmt":"2020-04-17T13:10:22","slug":"rendez-vous-au-noel-des-createurs","status":"publish","type":"post","link":"https:\/\/apajhetvous.apajh.org\/foyer-antony\/2018\/12\/06\/rendez-vous-au-noel-des-createurs\/","title":{"rendered":"Rendez-vous au No\u00ebl des Cr\u00e9ateurs"},"content":{"rendered":"<p>Les r\u00e9sidents du foyer APAJH d\u2019Antony\u00a0ont le plaisir de vous annoncer qu\u2019ils seront pr\u00e9sents sur <strong>le march\u00e9 de No\u00ebl\u00a0<\/strong>\u00e0 l\u2019espace Vasarely d\u2019Antony ( 1 Place des anciens combattants d\u2019Afrique du Nord)<\/p>\n<p><strong>les samedi 22 et dimanche 23 d\u00e9cembre 2018\u00a0<\/strong><strong>de 10 h \u00e0 18 h.<\/strong><\/p>\n<p><strong>\u00a0<img loading=\"lazy\" decoding=\"async\" class=\"alignnone size-medium wp-image-83\" src=\"http:\/\/apajhetvous.apajh.org\/foyer-antony\/wp-content\/uploads\/2018\/12\/peinture-3-march\u00e9-noel-300x149.jpg\" alt=\"\" width=\"300\" height=\"149\" srcset=\"https:\/\/apajhetvous.apajh.org\/foyer-antony\/wp-content\/uploads\/2018\/12\/peinture-3-march\u00e9-noel-300x149.jpg 300w, https:\/\/apajhetvous.apajh.org\/foyer-antony\/wp-content\/uploads\/2018\/12\/peinture-3-march\u00e9-noel-370x184.jpg 370w, https:\/\/apajhetvous.apajh.org\/foyer-antony\/wp-content\/uploads\/2018\/12\/peinture-3-march\u00e9-noel.jpg 528w\" sizes=\"auto, (max-width: 300px) 100vw, 300px\" \/><\/strong><\/p>\n<p>Tout au long de l\u2019ann\u00e9e, avec le soutien d\u2019une \u00e9ducatrice sp\u00e9cialis\u00e9e, ils ont explor\u00e9 leur potentiel cr\u00e9atif dans la r\u00e9alisation de petits objets d\u00e9coratifs pour les f\u00eates de fin d\u2019ann\u00e9e.<\/p>\n<p>Laine, carton, bouchons, ampoules, pommes de pin, \u2026 se sont transform\u00e9s sous leurs doigts pour prendre un air de f\u00eate. Vous pourrez admirer leurs cr\u00e9ations sur leur stand lors du No\u00ebl des Cr\u00e9ateurs d\u2019Antony\u00a0!<\/p>\n<p>Ma\u00eetres de leur projet d\u2019un bout \u00e0 l\u2019autre, ils ont cr\u00e9\u00e9, ils vendront et d\u00e9cideront de l\u2019utilisation des b\u00e9n\u00e9fices des ventes r\u00e9alis\u00e9es.<\/p>\n<p>&nbsp;<\/p>\n<p><strong>ILS VOUS ATTENDENT\u2026 VENEZ A LEUR RENCONTRE\u00a0!<\/strong><\/p>\n","protected":false},"excerpt":{"rendered":"<p>Les r\u00e9sidents du foyer APAJH d\u2019Antony\u00a0ont le plaisir de vous annoncer qu\u2019ils seront pr\u00e9sents sur le march\u00e9 de No\u00ebl\u00a0\u00e0 l\u2019espace Vasarely d\u2019Antony ( 1 Place des anciens combattants d\u2019Afrique du Nord) les samedi 22 et dimanche 23 d\u00e9cembre 2018\u00a0de 10 h \u00e0 18 h. \u00a0 Tout au long de l\u2019ann\u00e9e, avec le soutien d\u2019une \u00e9ducatrice<\/p>\n","protected":false},"author":2,"featured_media":85,"comment_status":"closed","ping_status":"closed","sticky":false,"template":"","format":"standard","meta":{"_exactmetrics_skip_tracking":false,"_exactmetrics_sitenote_active":false,"_exactmetrics_sitenote_note":"","_exactmetrics_sitenote_category":0,"footnotes":""},"categories":[3],"tags":[],"class_list":["post-78","post","type-post","status-publish","format-standard","has-post-thumbnail","hentry","category-au-quotidien"],"yoast_head":"<!-- This site is optimized with the Yoast SEO plugin v27.3 - https:\/\/yoast.com\/product\/yoast-seo-wordpress\/ -->\n<title>Rendez-vous au No\u00ebl des Cr\u00e9ateurs - FOYER ANTONY<\/title>\n<meta name=\"robots\" content=\"index, follow, max-snippet:-1, max-image-preview:large, max-video-preview:-1\" \/>\n<link rel=\"canonical\" href=\"https:\/\/apajhetvous.apajh.org\/foyer-antony\/2018\/12\/06\/rendez-vous-au-noel-des-createurs\/\" \/>\n<meta property=\"og:locale\" content=\"fr_FR\" \/>\n<meta property=\"og:type\" content=\"article\" \/>\n<meta property=\"og:title\" content=\"Rendez-vous au No\u00ebl des Cr\u00e9ateurs - FOYER ANTONY\" \/>\n<meta property=\"og:description\" content=\"Les r\u00e9sidents du foyer APAJH d\u2019Antony\u00a0ont le plaisir de vous annoncer qu\u2019ils seront pr\u00e9sents sur le march\u00e9 de No\u00ebl\u00a0\u00e0 l\u2019espace Vasarely d\u2019Antony ( 1 Place des anciens combattants d\u2019Afrique du Nord) les samedi 22 et dimanche 23 d\u00e9cembre 2018\u00a0de 10 h \u00e0 18 h. \u00a0 Tout au long de l\u2019ann\u00e9e, avec le soutien d\u2019une \u00e9ducatrice\" \/>\n<meta property=\"og:url\" content=\"https:\/\/apajhetvous.apajh.org\/foyer-antony\/2018\/12\/06\/rendez-vous-au-noel-des-createurs\/\" \/>\n<meta property=\"og:site_name\" content=\"FOYER ANTONY\" \/>\n<meta property=\"article:published_time\" content=\"2018-12-06T15:04:09+00:00\" \/>\n<meta property=\"article:modified_time\" content=\"2020-04-17T13:10:22+00:00\" \/>\n<meta property=\"og:image\" content=\"https:\/\/apajhetvous.apajh.org\/foyer-antony\/wp-content\/uploads\/2018\/12\/ensemble-realisations-march\u00e9-noel-1.png\" \/>\n\t<meta property=\"og:image:width\" content=\"227\" \/>\n\t<meta property=\"og:image:height\" content=\"303\" \/>\n\t<meta property=\"og:image:type\" content=\"image\/png\" \/>\n<meta name=\"author\" content=\"Claudine Herbey\" \/>\n<meta name=\"twitter:card\" content=\"summary_large_image\" \/>\n<meta name=\"twitter:label1\" content=\"\u00c9crit par\" \/>\n\t<meta name=\"twitter:data1\" content=\"Claudine Herbey\" \/>\n\t<meta name=\"twitter:label2\" content=\"Dur\u00e9e de lecture estim\u00e9e\" \/>\n\t<meta name=\"twitter:data2\" content=\"1 minute\" \/>\n<script type=\"application\/ld+json\" class=\"yoast-schema-graph\">{\"@context\":\"https:\\\/\\\/schema.org\",\"@graph\":[{\"@type\":\"Article\",\"@id\":\"https:\\\/\\\/apajhetvous.apajh.org\\\/foyer-antony\\\/2018\\\/12\\\/06\\\/rendez-vous-au-noel-des-createurs\\\/#article\",\"isPartOf\":{\"@id\":\"https:\\\/\\\/apajhetvous.apajh.org\\\/foyer-antony\\\/2018\\\/12\\\/06\\\/rendez-vous-au-noel-des-createurs\\\/\"},\"author\":{\"name\":\"Claudine Herbey\",\"@id\":\"https:\\\/\\\/apajhetvous.apajh.org\\\/foyer-antony\\\/#\\\/schema\\\/person\\\/20279f9545df56e295ad15e62f6b503e\"},\"headline\":\"Rendez-vous au No\u00ebl des Cr\u00e9ateurs\",\"datePublished\":\"2018-12-06T15:04:09+00:00\",\"dateModified\":\"2020-04-17T13:10:22+00:00\",\"mainEntityOfPage\":{\"@id\":\"https:\\\/\\\/apajhetvous.apajh.org\\\/foyer-antony\\\/2018\\\/12\\\/06\\\/rendez-vous-au-noel-des-createurs\\\/\"},\"wordCount\":172,\"image\":{\"@id\":\"https:\\\/\\\/apajhetvous.apajh.org\\\/foyer-antony\\\/2018\\\/12\\\/06\\\/rendez-vous-au-noel-des-createurs\\\/#primaryimage\"},\"thumbnailUrl\":\"https:\\\/\\\/apajhetvous.apajh.org\\\/foyer-antony\\\/wp-content\\\/uploads\\\/2018\\\/12\\\/ensemble-realisations-march\u00e9-noel-1.png\",\"articleSection\":[\"Au quotidien\"],\"inLanguage\":\"fr-FR\"},{\"@type\":\"WebPage\",\"@id\":\"https:\\\/\\\/apajhetvous.apajh.org\\\/foyer-antony\\\/2018\\\/12\\\/06\\\/rendez-vous-au-noel-des-createurs\\\/\",\"url\":\"https:\\\/\\\/apajhetvous.apajh.org\\\/foyer-antony\\\/2018\\\/12\\\/06\\\/rendez-vous-au-noel-des-createurs\\\/\",\"name\":\"Rendez-vous au No\u00ebl des Cr\u00e9ateurs - FOYER ANTONY\",\"isPartOf\":{\"@id\":\"https:\\\/\\\/apajhetvous.apajh.org\\\/foyer-antony\\\/#website\"},\"primaryImageOfPage\":{\"@id\":\"https:\\\/\\\/apajhetvous.apajh.org\\\/foyer-antony\\\/2018\\\/12\\\/06\\\/rendez-vous-au-noel-des-createurs\\\/#primaryimage\"},\"image\":{\"@id\":\"https:\\\/\\\/apajhetvous.apajh.org\\\/foyer-antony\\\/2018\\\/12\\\/06\\\/rendez-vous-au-noel-des-createurs\\\/#primaryimage\"},\"thumbnailUrl\":\"https:\\\/\\\/apajhetvous.apajh.org\\\/foyer-antony\\\/wp-content\\\/uploads\\\/2018\\\/12\\\/ensemble-realisations-march\u00e9-noel-1.png\",\"datePublished\":\"2018-12-06T15:04:09+00:00\",\"dateModified\":\"2020-04-17T13:10:22+00:00\",\"author\":{\"@id\":\"https:\\\/\\\/apajhetvous.apajh.org\\\/foyer-antony\\\/#\\\/schema\\\/person\\\/20279f9545df56e295ad15e62f6b503e\"},\"breadcrumb\":{\"@id\":\"https:\\\/\\\/apajhetvous.apajh.org\\\/foyer-antony\\\/2018\\\/12\\\/06\\\/rendez-vous-au-noel-des-createurs\\\/#breadcrumb\"},\"inLanguage\":\"fr-FR\",\"potentialAction\":[{\"@type\":\"ReadAction\",\"target\":[\"https:\\\/\\\/apajhetvous.apajh.org\\\/foyer-antony\\\/2018\\\/12\\\/06\\\/rendez-vous-au-noel-des-createurs\\\/\"]}]},{\"@type\":\"ImageObject\",\"inLanguage\":\"fr-FR\",\"@id\":\"https:\\\/\\\/apajhetvous.apajh.org\\\/foyer-antony\\\/2018\\\/12\\\/06\\\/rendez-vous-au-noel-des-createurs\\\/#primaryimage\",\"url\":\"https:\\\/\\\/apajhetvous.apajh.org\\\/foyer-antony\\\/wp-content\\\/uploads\\\/2018\\\/12\\\/ensemble-realisations-march\u00e9-noel-1.png\",\"contentUrl\":\"https:\\\/\\\/apajhetvous.apajh.org\\\/foyer-antony\\\/wp-content\\\/uploads\\\/2018\\\/12\\\/ensemble-realisations-march\u00e9-noel-1.png\",\"width\":227,\"height\":303},{\"@type\":\"BreadcrumbList\",\"@id\":\"https:\\\/\\\/apajhetvous.apajh.org\\\/foyer-antony\\\/2018\\\/12\\\/06\\\/rendez-vous-au-noel-des-createurs\\\/#breadcrumb\",\"itemListElement\":[{\"@type\":\"ListItem\",\"position\":1,\"name\":\"Accueil\",\"item\":\"https:\\\/\\\/apajhetvous.apajh.org\\\/foyer-antony\\\/\"},{\"@type\":\"ListItem\",\"position\":2,\"name\":\"Rendez-vous au No\u00ebl des Cr\u00e9ateurs\"}]},{\"@type\":\"WebSite\",\"@id\":\"https:\\\/\\\/apajhetvous.apajh.org\\\/foyer-antony\\\/#website\",\"url\":\"https:\\\/\\\/apajhetvous.apajh.org\\\/foyer-antony\\\/\",\"name\":\"FOYER ANTONY\",\"description\":\"APAJH\",\"potentialAction\":[{\"@type\":\"SearchAction\",\"target\":{\"@type\":\"EntryPoint\",\"urlTemplate\":\"https:\\\/\\\/apajhetvous.apajh.org\\\/foyer-antony\\\/?s={search_term_string}\"},\"query-input\":{\"@type\":\"PropertyValueSpecification\",\"valueRequired\":true,\"valueName\":\"search_term_string\"}}],\"inLanguage\":\"fr-FR\"},{\"@type\":\"Person\",\"@id\":\"https:\\\/\\\/apajhetvous.apajh.org\\\/foyer-antony\\\/#\\\/schema\\\/person\\\/20279f9545df56e295ad15e62f6b503e\",\"name\":\"Claudine Herbey\",\"image\":{\"@type\":\"ImageObject\",\"inLanguage\":\"fr-FR\",\"@id\":\"https:\\\/\\\/secure.gravatar.com\\\/avatar\\\/d7adc21d25c1272fb92b6959a3efcbe7bd7554f21159e78fbce5788e149d2778?s=96&d=mm&r=g\",\"url\":\"https:\\\/\\\/secure.gravatar.com\\\/avatar\\\/d7adc21d25c1272fb92b6959a3efcbe7bd7554f21159e78fbce5788e149d2778?s=96&d=mm&r=g\",\"contentUrl\":\"https:\\\/\\\/secure.gravatar.com\\\/avatar\\\/d7adc21d25c1272fb92b6959a3efcbe7bd7554f21159e78fbce5788e149d2778?s=96&d=mm&r=g\",\"caption\":\"Claudine Herbey\"},\"url\":\"https:\\\/\\\/apajhetvous.apajh.org\\\/foyer-antony\\\/author\\\/claudineherbey\\\/\"}]}<\/script>\n<!-- \/ Yoast SEO plugin. -->","yoast_head_json":{"title":"Rendez-vous au No\u00ebl des Cr\u00e9ateurs - FOYER ANTONY","robots":{"index":"index","follow":"follow","max-snippet":"max-snippet:-1","max-image-preview":"max-image-preview:large","max-video-preview":"max-video-preview:-1"},"canonical":"https:\/\/apajhetvous.apajh.org\/foyer-antony\/2018\/12\/06\/rendez-vous-au-noel-des-createurs\/","og_locale":"fr_FR","og_type":"article","og_title":"Rendez-vous au No\u00ebl des Cr\u00e9ateurs - FOYER ANTONY","og_description":"Les r\u00e9sidents du foyer APAJH d\u2019Antony\u00a0ont le plaisir de vous annoncer qu\u2019ils seront pr\u00e9sents sur le march\u00e9 de No\u00ebl\u00a0\u00e0 l\u2019espace Vasarely d\u2019Antony ( 1 Place des anciens combattants d\u2019Afrique du Nord) les samedi 22 et dimanche 23 d\u00e9cembre 2018\u00a0de 10 h \u00e0 18 h. \u00a0 Tout au long de l\u2019ann\u00e9e, avec le soutien d\u2019une \u00e9ducatrice","og_url":"https:\/\/apajhetvous.apajh.org\/foyer-antony\/2018\/12\/06\/rendez-vous-au-noel-des-createurs\/","og_site_name":"FOYER ANTONY","article_published_time":"2018-12-06T15:04:09+00:00","article_modified_time":"2020-04-17T13:10:22+00:00","og_image":[{"width":227,"height":303,"url":"https:\/\/apajhetvous.apajh.org\/foyer-antony\/wp-content\/uploads\/2018\/12\/ensemble-realisations-march\u00e9-noel-1.png","type":"image\/png"}],"author":"Claudine Herbey","twitter_card":"summary_large_image","twitter_misc":{"\u00c9crit par":"Claudine Herbey","Dur\u00e9e de lecture estim\u00e9e":"1 minute"},"schema":{"@context":"https:\/\/schema.org","@graph":[{"@type":"Article","@id":"https:\/\/apajhetvous.apajh.org\/foyer-antony\/2018\/12\/06\/rendez-vous-au-noel-des-createurs\/#article","isPartOf":{"@id":"https:\/\/apajhetvous.apajh.org\/foyer-antony\/2018\/12\/06\/rendez-vous-au-noel-des-createurs\/"},"author":{"name":"Claudine Herbey","@id":"https:\/\/apajhetvous.apajh.org\/foyer-antony\/#\/schema\/person\/20279f9545df56e295ad15e62f6b503e"},"headline":"Rendez-vous au No\u00ebl des Cr\u00e9ateurs","datePublished":"2018-12-06T15:04:09+00:00","dateModified":"2020-04-17T13:10:22+00:00","mainEntityOfPage":{"@id":"https:\/\/apajhetvous.apajh.org\/foyer-antony\/2018\/12\/06\/rendez-vous-au-noel-des-createurs\/"},"wordCount":172,"image":{"@id":"https:\/\/apajhetvous.apajh.org\/foyer-antony\/2018\/12\/06\/rendez-vous-au-noel-des-createurs\/#primaryimage"},"thumbnailUrl":"https:\/\/apajhetvous.apajh.org\/foyer-antony\/wp-content\/uploads\/2018\/12\/ensemble-realisations-march\u00e9-noel-1.png","articleSection":["Au quotidien"],"inLanguage":"fr-FR"},{"@type":"WebPage","@id":"https:\/\/apajhetvous.apajh.org\/foyer-antony\/2018\/12\/06\/rendez-vous-au-noel-des-createurs\/","url":"https:\/\/apajhetvous.apajh.org\/foyer-antony\/2018\/12\/06\/rendez-vous-au-noel-des-createurs\/","name":"Rendez-vous au No\u00ebl des Cr\u00e9ateurs - FOYER ANTONY","isPartOf":{"@id":"https:\/\/apajhetvous.apajh.org\/foyer-antony\/#website"},"primaryImageOfPage":{"@id":"https:\/\/apajhetvous.apajh.org\/foyer-antony\/2018\/12\/06\/rendez-vous-au-noel-des-createurs\/#primaryimage"},"image":{"@id":"https:\/\/apajhetvous.apajh.org\/foyer-antony\/2018\/12\/06\/rendez-vous-au-noel-des-createurs\/#primaryimage"},"thumbnailUrl":"https:\/\/apajhetvous.apajh.org\/foyer-antony\/wp-content\/uploads\/2018\/12\/ensemble-realisations-march\u00e9-noel-1.png","datePublished":"2018-12-06T15:04:09+00:00","dateModified":"2020-04-17T13:10:22+00:00","author":{"@id":"https:\/\/apajhetvous.apajh.org\/foyer-antony\/#\/schema\/person\/20279f9545df56e295ad15e62f6b503e"},"breadcrumb":{"@id":"https:\/\/apajhetvous.apajh.org\/foyer-antony\/2018\/12\/06\/rendez-vous-au-noel-des-createurs\/#breadcrumb"},"inLanguage":"fr-FR","potentialAction":[{"@type":"ReadAction","target":["https:\/\/apajhetvous.apajh.org\/foyer-antony\/2018\/12\/06\/rendez-vous-au-noel-des-createurs\/"]}]},{"@type":"ImageObject","inLanguage":"fr-FR","@id":"https:\/\/apajhetvous.apajh.org\/foyer-antony\/2018\/12\/06\/rendez-vous-au-noel-des-createurs\/#primaryimage","url":"https:\/\/apajhetvous.apajh.org\/foyer-antony\/wp-content\/uploads\/2018\/12\/ensemble-realisations-march\u00e9-noel-1.png","contentUrl":"https:\/\/apajhetvous.apajh.org\/foyer-antony\/wp-content\/uploads\/2018\/12\/ensemble-realisations-march\u00e9-noel-1.png","width":227,"height":303},{"@type":"BreadcrumbList","@id":"https:\/\/apajhetvous.apajh.org\/foyer-antony\/2018\/12\/06\/rendez-vous-au-noel-des-createurs\/#breadcrumb","itemListElement":[{"@type":"ListItem","position":1,"name":"Accueil","item":"https:\/\/apajhetvous.apajh.org\/foyer-antony\/"},{"@type":"ListItem","position":2,"name":"Rendez-vous au No\u00ebl des Cr\u00e9ateurs"}]},{"@type":"WebSite","@id":"https:\/\/apajhetvous.apajh.org\/foyer-antony\/#website","url":"https:\/\/apajhetvous.apajh.org\/foyer-antony\/","name":"FOYER ANTONY","description":"APAJH","potentialAction":[{"@type":"SearchAction","target":{"@type":"EntryPoint","urlTemplate":"https:\/\/apajhetvous.apajh.org\/foyer-antony\/?s={search_term_string}"},"query-input":{"@type":"PropertyValueSpecification","valueRequired":true,"valueName":"search_term_string"}}],"inLanguage":"fr-FR"},{"@type":"Person","@id":"https:\/\/apajhetvous.apajh.org\/foyer-antony\/#\/schema\/person\/20279f9545df56e295ad15e62f6b503e","name":"Claudine Herbey","image":{"@type":"ImageObject","inLanguage":"fr-FR","@id":"https:\/\/secure.gravatar.com\/avatar\/d7adc21d25c1272fb92b6959a3efcbe7bd7554f21159e78fbce5788e149d2778?s=96&d=mm&r=g","url":"https:\/\/secure.gravatar.com\/avatar\/d7adc21d25c1272fb92b6959a3efcbe7bd7554f21159e78fbce5788e149d2778?s=96&d=mm&r=g","contentUrl":"https:\/\/secure.gravatar.com\/avatar\/d7adc21d25c1272fb92b6959a3efcbe7bd7554f21159e78fbce5788e149d2778?s=96&d=mm&r=g","caption":"Claudine Herbey"},"url":"https:\/\/apajhetvous.apajh.org\/foyer-antony\/author\/claudineherbey\/"}]}},"_links":{"self":[{"href":"https:\/\/apajhetvous.apajh.org\/foyer-antony\/wp-json\/wp\/v2\/posts\/78","targetHints":{"allow":["GET"]}}],"collection":[{"href":"https:\/\/apajhetvous.apajh.org\/foyer-antony\/wp-json\/wp\/v2\/posts"}],"about":[{"href":"https:\/\/apajhetvous.apajh.org\/foyer-antony\/wp-json\/wp\/v2\/types\/post"}],"author":[{"embeddable":true,"href":"https:\/\/apajhetvous.apajh.org\/foyer-antony\/wp-json\/wp\/v2\/users\/2"}],"replies":[{"embeddable":true,"href":"https:\/\/apajhetvous.apajh.org\/foyer-antony\/wp-json\/wp\/v2\/comments?post=78"}],"version-history":[{"count":3,"href":"https:\/\/apajhetvous.apajh.org\/foyer-antony\/wp-json\/wp\/v2\/posts\/78\/revisions"}],"predecessor-version":[{"id":86,"href":"https:\/\/apajhetvous.apajh.org\/foyer-antony\/wp-json\/wp\/v2\/posts\/78\/revisions\/86"}],"wp:featuredmedia":[{"embeddable":true,"href":"https:\/\/apajhetvous.apajh.org\/foyer-antony\/wp-json\/wp\/v2\/media\/85"}],"wp:attachment":[{"href":"https:\/\/apajhetvous.apajh.org\/foyer-antony\/wp-json\/wp\/v2\/media?parent=78"}],"wp:term":[{"taxonomy":"category","embeddable":true,"href":"https:\/\/apajhetvous.apajh.org\/foyer-antony\/wp-json\/wp\/v2\/categories?post=78"},{"taxonomy":"post_tag","embeddable":true,"href":"https:\/\/apajhetvous.apajh.org\/foyer-antony\/wp-json\/wp\/v2\/tags?post=78"}],"curies":[{"name":"wp","href":"https:\/\/api.w.org\/{rel}","templated":true}]}}