{"id":1252,"date":"2023-11-30T15:03:40","date_gmt":"2023-11-30T14:03:40","guid":{"rendered":"https:\/\/apajhetvous.apajh.org\/plateformederepitdelain\/?p=1252"},"modified":"2023-11-30T15:41:55","modified_gmt":"2023-11-30T14:41:55","slug":"collectif-des-aidants","status":"publish","type":"post","link":"https:\/\/apajhetvous.apajh.org\/plateformederepitdelain\/collectif-des-aidants\/","title":{"rendered":"\ud83e\udde9 Collectif des aidants de l&rsquo;Ain"},"content":{"rendered":"<p style=\"text-align: center;\"><span style=\"color: #339966;\"><strong>La Plateforme de R\u00e9pit des Aidants<\/strong><\/span> fait partie d\u2019un<strong><span style=\"color: #339966;\"> collectif des aidants<\/span>,<\/strong> compos\u00e9 d\u2019une dizaine de partenaires du secteur du handicap et du grand \u00e2ge qui a vu le jour en 2019.<\/p>\n<p style=\"text-align: center;\">Ce collectif souhaite rendre visible les aidants lors de temps conviviaux comme lors de la journ\u00e9e du vendredi 6 octobre 2023, autour du spectacle : \u00ab<span style=\"color: #339966;\"> C\u00e9 koi le sense de la vi ?<\/span> \u00bb.<\/p>\n<p><iframe loading=\"lazy\" title=\"Collectif Aidants\" width=\"640\" height=\"360\" src=\"https:\/\/www.youtube.com\/embed\/X2O07rqPjxQ?feature=oembed\" frameborder=\"0\" allow=\"accelerometer; autoplay; clipboard-write; encrypted-media; gyroscope; picture-in-picture; web-share\" referrerpolicy=\"strict-origin-when-cross-origin\" allowfullscreen><\/iframe><\/p>\n<p><img loading=\"lazy\" decoding=\"async\" class=\"alignnone wp-image-1259\" src=\"http:\/\/apajhetvous.apajh.org\/plateformederepitdelain\/wp-content\/uploads\/2023\/11\/comic-4913123_1280.png\" alt=\"\" width=\"279\" height=\"566\" srcset=\"https:\/\/apajhetvous.apajh.org\/plateformederepitdelain\/wp-content\/uploads\/2023\/11\/comic-4913123_1280.png 631w, https:\/\/apajhetvous.apajh.org\/plateformederepitdelain\/wp-content\/uploads\/2023\/11\/comic-4913123_1280-148x300.png 148w, https:\/\/apajhetvous.apajh.org\/plateformederepitdelain\/wp-content\/uploads\/2023\/11\/comic-4913123_1280-505x1024.png 505w, https:\/\/apajhetvous.apajh.org\/plateformederepitdelain\/wp-content\/uploads\/2023\/11\/comic-4913123_1280-370x751.png 370w\" sizes=\"auto, (max-width: 279px) 100vw, 279px\" \/><img loading=\"lazy\" decoding=\"async\" class=\"alignnone wp-image-1264\" src=\"http:\/\/apajhetvous.apajh.org\/plateformederepitdelain\/wp-content\/uploads\/2023\/11\/collectif-aidant.png\" alt=\"\" width=\"406\" height=\"162\" srcset=\"https:\/\/apajhetvous.apajh.org\/plateformederepitdelain\/wp-content\/uploads\/2023\/11\/collectif-aidant.png 517w, https:\/\/apajhetvous.apajh.org\/plateformederepitdelain\/wp-content\/uploads\/2023\/11\/collectif-aidant-300x120.png 300w, https:\/\/apajhetvous.apajh.org\/plateformederepitdelain\/wp-content\/uploads\/2023\/11\/collectif-aidant-370x147.png 370w\" sizes=\"auto, (max-width: 406px) 100vw, 406px\" \/><\/p>\n","protected":false},"excerpt":{"rendered":"<p>La Plateforme de R\u00e9pit des Aidants fait partie d\u2019un collectif des aidants, compos\u00e9 d\u2019une dizaine de partenaires du secteur du handicap et du grand \u00e2ge qui a vu le jour en 2019. Ce collectif souhaite rendre visible les aidants lors de temps conviviaux comme lors de la journ\u00e9e du vendredi 6 octobre 2023, autour du<\/p>\n","protected":false},"author":4,"featured_media":1256,"comment_status":"closed","ping_status":"closed","sticky":false,"template":"","format":"standard","meta":{"_exactmetrics_skip_tracking":false,"_exactmetrics_sitenote_active":false,"_exactmetrics_sitenote_note":"","_exactmetrics_sitenote_category":0,"footnotes":""},"categories":[4],"tags":[],"class_list":["post-1252","post","type-post","status-publish","format-standard","has-post-thumbnail","hentry","category-au-quotidien"],"yoast_head":"<!-- This site is optimized with the Yoast SEO plugin v27.3 - https:\/\/yoast.com\/product\/yoast-seo-wordpress\/ -->\n<title>\ud83e\udde9 Collectif des aidants de l&#039;Ain - PLATEFORME DE R\u00c9PIT DE L&#039;AIN<\/title>\n<meta name=\"robots\" content=\"index, follow, max-snippet:-1, max-image-preview:large, max-video-preview:-1\" \/>\n<link rel=\"canonical\" href=\"https:\/\/apajhetvous.apajh.org\/plateformederepitdelain\/collectif-des-aidants\/\" \/>\n<meta property=\"og:locale\" content=\"fr_FR\" \/>\n<meta property=\"og:type\" content=\"article\" \/>\n<meta property=\"og:title\" content=\"\ud83e\udde9 Collectif des aidants de l&#039;Ain - PLATEFORME DE R\u00c9PIT DE L&#039;AIN\" \/>\n<meta property=\"og:description\" content=\"La Plateforme de R\u00e9pit des Aidants fait partie d\u2019un collectif des aidants, compos\u00e9 d\u2019une dizaine de partenaires du secteur du handicap et du grand \u00e2ge qui a vu le jour en 2019. Ce collectif souhaite rendre visible les aidants lors de temps conviviaux comme lors de la journ\u00e9e du vendredi 6 octobre 2023, autour du\" \/>\n<meta property=\"og:url\" content=\"https:\/\/apajhetvous.apajh.org\/plateformederepitdelain\/collectif-des-aidants\/\" \/>\n<meta property=\"og:site_name\" content=\"PLATEFORME DE R\u00c9PIT DE L&#039;AIN\" \/>\n<meta property=\"article:published_time\" content=\"2023-11-30T14:03:40+00:00\" \/>\n<meta property=\"article:modified_time\" content=\"2023-11-30T14:41:55+00:00\" \/>\n<meta property=\"og:image\" content=\"https:\/\/apajhetvous.apajh.org\/plateformederepitdelain\/wp-content\/uploads\/2023\/11\/crowd-3513217_1280.jpg\" \/>\n\t<meta property=\"og:image:width\" content=\"1280\" \/>\n\t<meta property=\"og:image:height\" content=\"853\" \/>\n\t<meta property=\"og:image:type\" content=\"image\/jpeg\" \/>\n<meta name=\"author\" content=\"ang\u00e9lique mermet\" \/>\n<meta name=\"twitter:card\" content=\"summary_large_image\" \/>\n<meta name=\"twitter:label1\" content=\"\u00c9crit par\" \/>\n\t<meta name=\"twitter:data1\" content=\"ang\u00e9lique mermet\" \/>\n\t<meta name=\"twitter:label2\" content=\"Dur\u00e9e de lecture estim\u00e9e\" \/>\n\t<meta name=\"twitter:data2\" content=\"1 minute\" \/>\n<script type=\"application\/ld+json\" class=\"yoast-schema-graph\">{\"@context\":\"https:\\\/\\\/schema.org\",\"@graph\":[{\"@type\":\"Article\",\"@id\":\"https:\\\/\\\/apajhetvous.apajh.org\\\/plateformederepitdelain\\\/collectif-des-aidants\\\/#article\",\"isPartOf\":{\"@id\":\"https:\\\/\\\/apajhetvous.apajh.org\\\/plateformederepitdelain\\\/collectif-des-aidants\\\/\"},\"author\":{\"name\":\"ang\u00e9lique mermet\",\"@id\":\"https:\\\/\\\/apajhetvous.apajh.org\\\/plateformederepitdelain\\\/#\\\/schema\\\/person\\\/90be931d8332ca958c286bc229ccccd1\"},\"headline\":\"\ud83e\udde9 Collectif des aidants de l&rsquo;Ain\",\"datePublished\":\"2023-11-30T14:03:40+00:00\",\"dateModified\":\"2023-11-30T14:41:55+00:00\",\"mainEntityOfPage\":{\"@id\":\"https:\\\/\\\/apajhetvous.apajh.org\\\/plateformederepitdelain\\\/collectif-des-aidants\\\/\"},\"wordCount\":76,\"image\":{\"@id\":\"https:\\\/\\\/apajhetvous.apajh.org\\\/plateformederepitdelain\\\/collectif-des-aidants\\\/#primaryimage\"},\"thumbnailUrl\":\"https:\\\/\\\/apajhetvous.apajh.org\\\/plateformederepitdelain\\\/wp-content\\\/uploads\\\/2023\\\/11\\\/crowd-3513217_1280.jpg\",\"articleSection\":[\"Actualit\u00e9s\"],\"inLanguage\":\"fr-FR\"},{\"@type\":\"WebPage\",\"@id\":\"https:\\\/\\\/apajhetvous.apajh.org\\\/plateformederepitdelain\\\/collectif-des-aidants\\\/\",\"url\":\"https:\\\/\\\/apajhetvous.apajh.org\\\/plateformederepitdelain\\\/collectif-des-aidants\\\/\",\"name\":\"\ud83e\udde9 Collectif des aidants de l'Ain - PLATEFORME DE R\u00c9PIT DE L&#039;AIN\",\"isPartOf\":{\"@id\":\"https:\\\/\\\/apajhetvous.apajh.org\\\/plateformederepitdelain\\\/#website\"},\"primaryImageOfPage\":{\"@id\":\"https:\\\/\\\/apajhetvous.apajh.org\\\/plateformederepitdelain\\\/collectif-des-aidants\\\/#primaryimage\"},\"image\":{\"@id\":\"https:\\\/\\\/apajhetvous.apajh.org\\\/plateformederepitdelain\\\/collectif-des-aidants\\\/#primaryimage\"},\"thumbnailUrl\":\"https:\\\/\\\/apajhetvous.apajh.org\\\/plateformederepitdelain\\\/wp-content\\\/uploads\\\/2023\\\/11\\\/crowd-3513217_1280.jpg\",\"datePublished\":\"2023-11-30T14:03:40+00:00\",\"dateModified\":\"2023-11-30T14:41:55+00:00\",\"author\":{\"@id\":\"https:\\\/\\\/apajhetvous.apajh.org\\\/plateformederepitdelain\\\/#\\\/schema\\\/person\\\/90be931d8332ca958c286bc229ccccd1\"},\"breadcrumb\":{\"@id\":\"https:\\\/\\\/apajhetvous.apajh.org\\\/plateformederepitdelain\\\/collectif-des-aidants\\\/#breadcrumb\"},\"inLanguage\":\"fr-FR\",\"potentialAction\":[{\"@type\":\"ReadAction\",\"target\":[\"https:\\\/\\\/apajhetvous.apajh.org\\\/plateformederepitdelain\\\/collectif-des-aidants\\\/\"]}]},{\"@type\":\"ImageObject\",\"inLanguage\":\"fr-FR\",\"@id\":\"https:\\\/\\\/apajhetvous.apajh.org\\\/plateformederepitdelain\\\/collectif-des-aidants\\\/#primaryimage\",\"url\":\"https:\\\/\\\/apajhetvous.apajh.org\\\/plateformederepitdelain\\\/wp-content\\\/uploads\\\/2023\\\/11\\\/crowd-3513217_1280.jpg\",\"contentUrl\":\"https:\\\/\\\/apajhetvous.apajh.org\\\/plateformederepitdelain\\\/wp-content\\\/uploads\\\/2023\\\/11\\\/crowd-3513217_1280.jpg\",\"width\":1280,\"height\":853},{\"@type\":\"BreadcrumbList\",\"@id\":\"https:\\\/\\\/apajhetvous.apajh.org\\\/plateformederepitdelain\\\/collectif-des-aidants\\\/#breadcrumb\",\"itemListElement\":[{\"@type\":\"ListItem\",\"position\":1,\"name\":\"Accueil\",\"item\":\"https:\\\/\\\/apajhetvous.apajh.org\\\/plateformederepitdelain\\\/\"},{\"@type\":\"ListItem\",\"position\":2,\"name\":\"\ud83e\udde9 Collectif des aidants de l&rsquo;Ain\"}]},{\"@type\":\"WebSite\",\"@id\":\"https:\\\/\\\/apajhetvous.apajh.org\\\/plateformederepitdelain\\\/#website\",\"url\":\"https:\\\/\\\/apajhetvous.apajh.org\\\/plateformederepitdelain\\\/\",\"name\":\"PLATEFORME DE R\u00c9PIT DE L&#039;AIN\",\"description\":\"APAJH\",\"potentialAction\":[{\"@type\":\"SearchAction\",\"target\":{\"@type\":\"EntryPoint\",\"urlTemplate\":\"https:\\\/\\\/apajhetvous.apajh.org\\\/plateformederepitdelain\\\/?s={search_term_string}\"},\"query-input\":{\"@type\":\"PropertyValueSpecification\",\"valueRequired\":true,\"valueName\":\"search_term_string\"}}],\"inLanguage\":\"fr-FR\"},{\"@type\":\"Person\",\"@id\":\"https:\\\/\\\/apajhetvous.apajh.org\\\/plateformederepitdelain\\\/#\\\/schema\\\/person\\\/90be931d8332ca958c286bc229ccccd1\",\"name\":\"ang\u00e9lique mermet\",\"image\":{\"@type\":\"ImageObject\",\"inLanguage\":\"fr-FR\",\"@id\":\"https:\\\/\\\/secure.gravatar.com\\\/avatar\\\/e936eb366bedac64025cc82a6ff20ca2855575c1b2d689e99a6872a8ed13cf35?s=96&d=mm&r=g\",\"url\":\"https:\\\/\\\/secure.gravatar.com\\\/avatar\\\/e936eb366bedac64025cc82a6ff20ca2855575c1b2d689e99a6872a8ed13cf35?s=96&d=mm&r=g\",\"contentUrl\":\"https:\\\/\\\/secure.gravatar.com\\\/avatar\\\/e936eb366bedac64025cc82a6ff20ca2855575c1b2d689e99a6872a8ed13cf35?s=96&d=mm&r=g\",\"caption\":\"ang\u00e9lique mermet\"},\"url\":\"https:\\\/\\\/apajhetvous.apajh.org\\\/plateformederepitdelain\\\/author\\\/amermet\\\/\"}]}<\/script>\n<!-- \/ Yoast SEO plugin. -->","yoast_head_json":{"title":"\ud83e\udde9 Collectif des aidants de l'Ain - PLATEFORME DE R\u00c9PIT DE L&#039;AIN","robots":{"index":"index","follow":"follow","max-snippet":"max-snippet:-1","max-image-preview":"max-image-preview:large","max-video-preview":"max-video-preview:-1"},"canonical":"https:\/\/apajhetvous.apajh.org\/plateformederepitdelain\/collectif-des-aidants\/","og_locale":"fr_FR","og_type":"article","og_title":"\ud83e\udde9 Collectif des aidants de l'Ain - PLATEFORME DE R\u00c9PIT DE L&#039;AIN","og_description":"La Plateforme de R\u00e9pit des Aidants fait partie d\u2019un collectif des aidants, compos\u00e9 d\u2019une dizaine de partenaires du secteur du handicap et du grand \u00e2ge qui a vu le jour en 2019. Ce collectif souhaite rendre visible les aidants lors de temps conviviaux comme lors de la journ\u00e9e du vendredi 6 octobre 2023, autour du","og_url":"https:\/\/apajhetvous.apajh.org\/plateformederepitdelain\/collectif-des-aidants\/","og_site_name":"PLATEFORME DE R\u00c9PIT DE L&#039;AIN","article_published_time":"2023-11-30T14:03:40+00:00","article_modified_time":"2023-11-30T14:41:55+00:00","og_image":[{"width":1280,"height":853,"url":"https:\/\/apajhetvous.apajh.org\/plateformederepitdelain\/wp-content\/uploads\/2023\/11\/crowd-3513217_1280.jpg","type":"image\/jpeg"}],"author":"ang\u00e9lique mermet","twitter_card":"summary_large_image","twitter_misc":{"\u00c9crit par":"ang\u00e9lique mermet","Dur\u00e9e de lecture estim\u00e9e":"1 minute"},"schema":{"@context":"https:\/\/schema.org","@graph":[{"@type":"Article","@id":"https:\/\/apajhetvous.apajh.org\/plateformederepitdelain\/collectif-des-aidants\/#article","isPartOf":{"@id":"https:\/\/apajhetvous.apajh.org\/plateformederepitdelain\/collectif-des-aidants\/"},"author":{"name":"ang\u00e9lique mermet","@id":"https:\/\/apajhetvous.apajh.org\/plateformederepitdelain\/#\/schema\/person\/90be931d8332ca958c286bc229ccccd1"},"headline":"\ud83e\udde9 Collectif des aidants de l&rsquo;Ain","datePublished":"2023-11-30T14:03:40+00:00","dateModified":"2023-11-30T14:41:55+00:00","mainEntityOfPage":{"@id":"https:\/\/apajhetvous.apajh.org\/plateformederepitdelain\/collectif-des-aidants\/"},"wordCount":76,"image":{"@id":"https:\/\/apajhetvous.apajh.org\/plateformederepitdelain\/collectif-des-aidants\/#primaryimage"},"thumbnailUrl":"https:\/\/apajhetvous.apajh.org\/plateformederepitdelain\/wp-content\/uploads\/2023\/11\/crowd-3513217_1280.jpg","articleSection":["Actualit\u00e9s"],"inLanguage":"fr-FR"},{"@type":"WebPage","@id":"https:\/\/apajhetvous.apajh.org\/plateformederepitdelain\/collectif-des-aidants\/","url":"https:\/\/apajhetvous.apajh.org\/plateformederepitdelain\/collectif-des-aidants\/","name":"\ud83e\udde9 Collectif des aidants de l'Ain - PLATEFORME DE R\u00c9PIT DE L&#039;AIN","isPartOf":{"@id":"https:\/\/apajhetvous.apajh.org\/plateformederepitdelain\/#website"},"primaryImageOfPage":{"@id":"https:\/\/apajhetvous.apajh.org\/plateformederepitdelain\/collectif-des-aidants\/#primaryimage"},"image":{"@id":"https:\/\/apajhetvous.apajh.org\/plateformederepitdelain\/collectif-des-aidants\/#primaryimage"},"thumbnailUrl":"https:\/\/apajhetvous.apajh.org\/plateformederepitdelain\/wp-content\/uploads\/2023\/11\/crowd-3513217_1280.jpg","datePublished":"2023-11-30T14:03:40+00:00","dateModified":"2023-11-30T14:41:55+00:00","author":{"@id":"https:\/\/apajhetvous.apajh.org\/plateformederepitdelain\/#\/schema\/person\/90be931d8332ca958c286bc229ccccd1"},"breadcrumb":{"@id":"https:\/\/apajhetvous.apajh.org\/plateformederepitdelain\/collectif-des-aidants\/#breadcrumb"},"inLanguage":"fr-FR","potentialAction":[{"@type":"ReadAction","target":["https:\/\/apajhetvous.apajh.org\/plateformederepitdelain\/collectif-des-aidants\/"]}]},{"@type":"ImageObject","inLanguage":"fr-FR","@id":"https:\/\/apajhetvous.apajh.org\/plateformederepitdelain\/collectif-des-aidants\/#primaryimage","url":"https:\/\/apajhetvous.apajh.org\/plateformederepitdelain\/wp-content\/uploads\/2023\/11\/crowd-3513217_1280.jpg","contentUrl":"https:\/\/apajhetvous.apajh.org\/plateformederepitdelain\/wp-content\/uploads\/2023\/11\/crowd-3513217_1280.jpg","width":1280,"height":853},{"@type":"BreadcrumbList","@id":"https:\/\/apajhetvous.apajh.org\/plateformederepitdelain\/collectif-des-aidants\/#breadcrumb","itemListElement":[{"@type":"ListItem","position":1,"name":"Accueil","item":"https:\/\/apajhetvous.apajh.org\/plateformederepitdelain\/"},{"@type":"ListItem","position":2,"name":"\ud83e\udde9 Collectif des aidants de l&rsquo;Ain"}]},{"@type":"WebSite","@id":"https:\/\/apajhetvous.apajh.org\/plateformederepitdelain\/#website","url":"https:\/\/apajhetvous.apajh.org\/plateformederepitdelain\/","name":"PLATEFORME DE R\u00c9PIT DE L&#039;AIN","description":"APAJH","potentialAction":[{"@type":"SearchAction","target":{"@type":"EntryPoint","urlTemplate":"https:\/\/apajhetvous.apajh.org\/plateformederepitdelain\/?s={search_term_string}"},"query-input":{"@type":"PropertyValueSpecification","valueRequired":true,"valueName":"search_term_string"}}],"inLanguage":"fr-FR"},{"@type":"Person","@id":"https:\/\/apajhetvous.apajh.org\/plateformederepitdelain\/#\/schema\/person\/90be931d8332ca958c286bc229ccccd1","name":"ang\u00e9lique mermet","image":{"@type":"ImageObject","inLanguage":"fr-FR","@id":"https:\/\/secure.gravatar.com\/avatar\/e936eb366bedac64025cc82a6ff20ca2855575c1b2d689e99a6872a8ed13cf35?s=96&d=mm&r=g","url":"https:\/\/secure.gravatar.com\/avatar\/e936eb366bedac64025cc82a6ff20ca2855575c1b2d689e99a6872a8ed13cf35?s=96&d=mm&r=g","contentUrl":"https:\/\/secure.gravatar.com\/avatar\/e936eb366bedac64025cc82a6ff20ca2855575c1b2d689e99a6872a8ed13cf35?s=96&d=mm&r=g","caption":"ang\u00e9lique mermet"},"url":"https:\/\/apajhetvous.apajh.org\/plateformederepitdelain\/author\/amermet\/"}]}},"_links":{"self":[{"href":"https:\/\/apajhetvous.apajh.org\/plateformederepitdelain\/wp-json\/wp\/v2\/posts\/1252","targetHints":{"allow":["GET"]}}],"collection":[{"href":"https:\/\/apajhetvous.apajh.org\/plateformederepitdelain\/wp-json\/wp\/v2\/posts"}],"about":[{"href":"https:\/\/apajhetvous.apajh.org\/plateformederepitdelain\/wp-json\/wp\/v2\/types\/post"}],"author":[{"embeddable":true,"href":"https:\/\/apajhetvous.apajh.org\/plateformederepitdelain\/wp-json\/wp\/v2\/users\/4"}],"replies":[{"embeddable":true,"href":"https:\/\/apajhetvous.apajh.org\/plateformederepitdelain\/wp-json\/wp\/v2\/comments?post=1252"}],"version-history":[{"count":11,"href":"https:\/\/apajhetvous.apajh.org\/plateformederepitdelain\/wp-json\/wp\/v2\/posts\/1252\/revisions"}],"predecessor-version":[{"id":1266,"href":"https:\/\/apajhetvous.apajh.org\/plateformederepitdelain\/wp-json\/wp\/v2\/posts\/1252\/revisions\/1266"}],"wp:featuredmedia":[{"embeddable":true,"href":"https:\/\/apajhetvous.apajh.org\/plateformederepitdelain\/wp-json\/wp\/v2\/media\/1256"}],"wp:attachment":[{"href":"https:\/\/apajhetvous.apajh.org\/plateformederepitdelain\/wp-json\/wp\/v2\/media?parent=1252"}],"wp:term":[{"taxonomy":"category","embeddable":true,"href":"https:\/\/apajhetvous.apajh.org\/plateformederepitdelain\/wp-json\/wp\/v2\/categories?post=1252"},{"taxonomy":"post_tag","embeddable":true,"href":"https:\/\/apajhetvous.apajh.org\/plateformederepitdelain\/wp-json\/wp\/v2\/tags?post=1252"}],"curies":[{"name":"wp","href":"https:\/\/api.w.org\/{rel}","templated":true}]}}