{"id":1989,"date":"2025-04-25T16:48:30","date_gmt":"2025-04-25T14:48:30","guid":{"rendered":"https:\/\/apajhetvous.apajh.org\/plateformederepitdelain\/?p=1989"},"modified":"2025-05-09T16:58:32","modified_gmt":"2025-05-09T14:58:32","slug":"les-ateliers-de-ladapa","status":"publish","type":"post","link":"https:\/\/apajhetvous.apajh.org\/plateformederepitdelain\/les-ateliers-de-ladapa\/","title":{"rendered":"Les ateliers de l&rsquo;ADAPA en 2025"},"content":{"rendered":"<p>L\u2019ADAPA propose un nouveau cycle de rencontre pour les proches aidants du d\u00e9partement de l\u2019Ain.<\/p>\n<p>L\u2019atelier \u00ab\u00a0Comprendre pour agir\u00a0\u00bb d\u00e9butera le 6 mai prochain et s\u2019adresse \u00e0 tous les proches aidants (non professionnels) qui souhaiteraient faire un pas de c\u00f4t\u00e9\u2026<\/p>\n<p>Anim\u00e9e par une professionnelle form\u00e9e \u00e0 la th\u00e9matique des aidants, cet atelier permet de se questionner et d\u2019analyser sa situation et de mieux conna\u00eetre ses propres ressources et celles de son environnement.<\/p>\n<p><strong><em>Pourquoi participer \u00e0 un atelier <\/em>Comprendre pour agir<em>\u00a0?<\/em><\/strong><\/p>\n<p><em>On devient proche aidant pour diff\u00e9rentes raisons et souvent malgr\u00e9 soi, sans m\u00eame le savoir parfois, et presque toujours sans y \u00eatre pr\u00e9par\u00e9. Sans avoir eu le temps de se questionner non plus, de prendre un certain recul afin d\u2019analyser la situation pour mieux la comprendre. Il ne s\u2019agit pas de former les proches aidants \u00e0 se substituer aux professionnels\u00a0; bien au contraire\u00a0! L\u2019atelier est un temps pour soi, un chemin dans lequel on s\u2019aventure pour y puiser ses propres r\u00e9ponses. <\/em><\/p>\n<p><strong>L\u2019atelier <em>Comprendre pour agir<\/em> a \u00e9t\u00e9 construit en ce sens, comme un parcours libre o\u00f9 chacun construira ses solutions pour mieux vivre son r\u00f4le d\u2019aidant au quotidien.<\/strong><\/p>\n<p><strong><u>Les prochains ateliers auront lieu<\/u>\u00a0:<\/strong><\/p>\n<p><strong>A la Salle des Erables, Place de l\u2019\u00e9glise, 01440 VIRIAT<\/strong>\u00a0: atelier port\u00e9 par <em>l\u2019<strong>ADAPA<\/strong>. <\/em><\/p>\n<p><u>Contact et inscriptions<\/u>\u00a0: Lucile BERTRAND 07 87 07 47 78 \/ <a href=\"mailto:prochesaidants@adapa01.com\">prochesaidants@adapa01.com<\/a> )<\/p>\n<p>L\u2019atelier <em>Comprendre pour agir<\/em> d\u00e9velopp\u00e9 par l\u2019Association Fran\u00e7aise des aidants propose un parcours de <strong>six s\u00e9quences collectives de trois heures chacune<\/strong> \u00e0 destination des proches aidants. Voir programme ci-dessous.<\/p>\n<p><strong>PROGRAMME DE L\u2019ATELIER <em>COMPRENDRE POUR AGIR<\/em><\/strong><\/p>\n<p><strong>S\u00e9quence 1 &#8211; Je suis proche aidant.e car\u2026la maladie, le handicap ou la d\u00e9pendance se sont immisc\u00e9s dans ma relation avec mon proche<\/strong><\/p>\n<p><strong>S\u00e9quence 2 &#8211; Je suis proche aidant.e et\u2026 voici ce que repr\u00e9sente pour moi la relation d\u2019aide<\/strong><\/p>\n<p><strong>S\u00e9quence 3 &#8211; Je suis proche aidant.e et\u2026 la relation avec mon proche a \u00e9volu\u00e9<\/strong><\/p>\n<p><strong>S\u00e9quence 4 &#8211; Je suis proche aidant.e et\u2026 je peux compter sur le soutien de mon entourage et des professionnels<\/strong><\/p>\n<p><strong>S\u00e9quence 5 &#8211; Je suis proche aidant.e et\u2026 l\u2019accompagnement de mon proche a un impact sur ma sant\u00e9 <\/strong><\/p>\n<p><strong>S\u00e9quence 6 &#8211; Je suis proche aidant.e et\u2026 j\u2019aimerais concilier ma vie de proche aidant avec ma vie personnelle<\/strong><\/p>\n<p><strong>Ces ateliers sont gratuits, cependant le nombre de places est limit\u00e9\u00a0! <\/strong><\/p>\n<p>&nbsp;<\/p>\n<p><img loading=\"lazy\" decoding=\"async\" class=\"alignnone size-full wp-image-1990\" src=\"http:\/\/apajhetvous.apajh.org\/plateformederepitdelain\/wp-content\/uploads\/2025\/04\/ATELIER-ADAPA.jpg\" alt=\"\" width=\"1095\" height=\"769\" srcset=\"https:\/\/apajhetvous.apajh.org\/plateformederepitdelain\/wp-content\/uploads\/2025\/04\/ATELIER-ADAPA.jpg 1095w, https:\/\/apajhetvous.apajh.org\/plateformederepitdelain\/wp-content\/uploads\/2025\/04\/ATELIER-ADAPA-300x211.jpg 300w, https:\/\/apajhetvous.apajh.org\/plateformederepitdelain\/wp-content\/uploads\/2025\/04\/ATELIER-ADAPA-1024x719.jpg 1024w, https:\/\/apajhetvous.apajh.org\/plateformederepitdelain\/wp-content\/uploads\/2025\/04\/ATELIER-ADAPA-768x539.jpg 768w, https:\/\/apajhetvous.apajh.org\/plateformederepitdelain\/wp-content\/uploads\/2025\/04\/ATELIER-ADAPA-370x260.jpg 370w\" sizes=\"auto, (max-width: 1095px) 100vw, 1095px\" \/><\/p>\n<p><img loading=\"lazy\" decoding=\"async\" class=\"alignnone size-full wp-image-1991\" src=\"http:\/\/apajhetvous.apajh.org\/plateformederepitdelain\/wp-content\/uploads\/2025\/04\/ATELIER-ADAPA-2.jpg\" alt=\"\" width=\"1113\" height=\"774\" srcset=\"https:\/\/apajhetvous.apajh.org\/plateformederepitdelain\/wp-content\/uploads\/2025\/04\/ATELIER-ADAPA-2.jpg 1113w, https:\/\/apajhetvous.apajh.org\/plateformederepitdelain\/wp-content\/uploads\/2025\/04\/ATELIER-ADAPA-2-300x209.jpg 300w, https:\/\/apajhetvous.apajh.org\/plateformederepitdelain\/wp-content\/uploads\/2025\/04\/ATELIER-ADAPA-2-1024x712.jpg 1024w, https:\/\/apajhetvous.apajh.org\/plateformederepitdelain\/wp-content\/uploads\/2025\/04\/ATELIER-ADAPA-2-768x534.jpg 768w, https:\/\/apajhetvous.apajh.org\/plateformederepitdelain\/wp-content\/uploads\/2025\/04\/ATELIER-ADAPA-2-370x257.jpg 370w\" sizes=\"auto, (max-width: 1113px) 100vw, 1113px\" \/><\/p>\n","protected":false},"excerpt":{"rendered":"<p>L\u2019ADAPA propose un nouveau cycle de rencontre pour les proches aidants du d\u00e9partement de l\u2019Ain. L\u2019atelier \u00ab\u00a0Comprendre pour agir\u00a0\u00bb d\u00e9butera le 6 mai prochain et s\u2019adresse \u00e0 tous les proches aidants (non professionnels) qui souhaiteraient faire un pas de c\u00f4t\u00e9\u2026 Anim\u00e9e par une professionnelle form\u00e9e \u00e0 la th\u00e9matique des aidants, cet atelier permet de se<\/p>\n","protected":false},"author":4,"featured_media":2030,"comment_status":"closed","ping_status":"closed","sticky":false,"template":"","format":"standard","meta":{"_exactmetrics_skip_tracking":false,"_exactmetrics_sitenote_active":false,"_exactmetrics_sitenote_note":"","_exactmetrics_sitenote_category":0,"footnotes":""},"categories":[4],"tags":[],"class_list":["post-1989","post","type-post","status-publish","format-standard","has-post-thumbnail","hentry","category-au-quotidien"],"yoast_head":"<!-- This site is optimized with the Yoast SEO plugin v27.3 - https:\/\/yoast.com\/product\/yoast-seo-wordpress\/ -->\n<title>Les ateliers de l&#039;ADAPA en 2025 - PLATEFORME DE R\u00c9PIT DE L&#039;AIN<\/title>\n<meta name=\"robots\" content=\"index, follow, max-snippet:-1, max-image-preview:large, max-video-preview:-1\" \/>\n<link rel=\"canonical\" href=\"https:\/\/apajhetvous.apajh.org\/plateformederepitdelain\/les-ateliers-de-ladapa\/\" \/>\n<meta property=\"og:locale\" content=\"fr_FR\" \/>\n<meta property=\"og:type\" content=\"article\" \/>\n<meta property=\"og:title\" content=\"Les ateliers de l&#039;ADAPA en 2025 - PLATEFORME DE R\u00c9PIT DE L&#039;AIN\" \/>\n<meta property=\"og:description\" content=\"L\u2019ADAPA propose un nouveau cycle de rencontre pour les proches aidants du d\u00e9partement de l\u2019Ain. L\u2019atelier \u00ab\u00a0Comprendre pour agir\u00a0\u00bb d\u00e9butera le 6 mai prochain et s\u2019adresse \u00e0 tous les proches aidants (non professionnels) qui souhaiteraient faire un pas de c\u00f4t\u00e9\u2026 Anim\u00e9e par une professionnelle form\u00e9e \u00e0 la th\u00e9matique des aidants, cet atelier permet de se\" \/>\n<meta property=\"og:url\" content=\"https:\/\/apajhetvous.apajh.org\/plateformederepitdelain\/les-ateliers-de-ladapa\/\" \/>\n<meta property=\"og:site_name\" content=\"PLATEFORME DE R\u00c9PIT DE L&#039;AIN\" \/>\n<meta property=\"article:published_time\" content=\"2025-04-25T14:48:30+00:00\" \/>\n<meta property=\"article:modified_time\" content=\"2025-05-09T14:58:32+00:00\" \/>\n<meta property=\"og:image\" content=\"https:\/\/apajhetvous.apajh.org\/plateformederepitdelain\/wp-content\/uploads\/2025\/04\/pexels-brunogobofoto-3854816-scaled.jpg\" \/>\n\t<meta property=\"og:image:width\" content=\"2560\" \/>\n\t<meta property=\"og:image:height\" content=\"1707\" \/>\n\t<meta property=\"og:image:type\" content=\"image\/jpeg\" \/>\n<meta name=\"author\" content=\"ang\u00e9lique mermet\" \/>\n<meta name=\"twitter:card\" content=\"summary_large_image\" \/>\n<meta name=\"twitter:label1\" content=\"\u00c9crit par\" \/>\n\t<meta name=\"twitter:data1\" content=\"ang\u00e9lique mermet\" \/>\n\t<meta name=\"twitter:label2\" content=\"Dur\u00e9e de lecture estim\u00e9e\" \/>\n\t<meta name=\"twitter:data2\" content=\"3 minutes\" \/>\n<script type=\"application\/ld+json\" class=\"yoast-schema-graph\">{\"@context\":\"https:\\\/\\\/schema.org\",\"@graph\":[{\"@type\":\"Article\",\"@id\":\"https:\\\/\\\/apajhetvous.apajh.org\\\/plateformederepitdelain\\\/les-ateliers-de-ladapa\\\/#article\",\"isPartOf\":{\"@id\":\"https:\\\/\\\/apajhetvous.apajh.org\\\/plateformederepitdelain\\\/les-ateliers-de-ladapa\\\/\"},\"author\":{\"name\":\"ang\u00e9lique mermet\",\"@id\":\"https:\\\/\\\/apajhetvous.apajh.org\\\/plateformederepitdelain\\\/#\\\/schema\\\/person\\\/90be931d8332ca958c286bc229ccccd1\"},\"headline\":\"Les ateliers de l&rsquo;ADAPA en 2025\",\"datePublished\":\"2025-04-25T14:48:30+00:00\",\"dateModified\":\"2025-05-09T14:58:32+00:00\",\"mainEntityOfPage\":{\"@id\":\"https:\\\/\\\/apajhetvous.apajh.org\\\/plateformederepitdelain\\\/les-ateliers-de-ladapa\\\/\"},\"wordCount\":417,\"image\":{\"@id\":\"https:\\\/\\\/apajhetvous.apajh.org\\\/plateformederepitdelain\\\/les-ateliers-de-ladapa\\\/#primaryimage\"},\"thumbnailUrl\":\"https:\\\/\\\/apajhetvous.apajh.org\\\/plateformederepitdelain\\\/wp-content\\\/uploads\\\/2025\\\/04\\\/pexels-brunogobofoto-3854816-scaled.jpg\",\"articleSection\":[\"Actualit\u00e9s\"],\"inLanguage\":\"fr-FR\"},{\"@type\":\"WebPage\",\"@id\":\"https:\\\/\\\/apajhetvous.apajh.org\\\/plateformederepitdelain\\\/les-ateliers-de-ladapa\\\/\",\"url\":\"https:\\\/\\\/apajhetvous.apajh.org\\\/plateformederepitdelain\\\/les-ateliers-de-ladapa\\\/\",\"name\":\"Les ateliers de l'ADAPA en 2025 - PLATEFORME DE R\u00c9PIT DE L&#039;AIN\",\"isPartOf\":{\"@id\":\"https:\\\/\\\/apajhetvous.apajh.org\\\/plateformederepitdelain\\\/#website\"},\"primaryImageOfPage\":{\"@id\":\"https:\\\/\\\/apajhetvous.apajh.org\\\/plateformederepitdelain\\\/les-ateliers-de-ladapa\\\/#primaryimage\"},\"image\":{\"@id\":\"https:\\\/\\\/apajhetvous.apajh.org\\\/plateformederepitdelain\\\/les-ateliers-de-ladapa\\\/#primaryimage\"},\"thumbnailUrl\":\"https:\\\/\\\/apajhetvous.apajh.org\\\/plateformederepitdelain\\\/wp-content\\\/uploads\\\/2025\\\/04\\\/pexels-brunogobofoto-3854816-scaled.jpg\",\"datePublished\":\"2025-04-25T14:48:30+00:00\",\"dateModified\":\"2025-05-09T14:58:32+00:00\",\"author\":{\"@id\":\"https:\\\/\\\/apajhetvous.apajh.org\\\/plateformederepitdelain\\\/#\\\/schema\\\/person\\\/90be931d8332ca958c286bc229ccccd1\"},\"breadcrumb\":{\"@id\":\"https:\\\/\\\/apajhetvous.apajh.org\\\/plateformederepitdelain\\\/les-ateliers-de-ladapa\\\/#breadcrumb\"},\"inLanguage\":\"fr-FR\",\"potentialAction\":[{\"@type\":\"ReadAction\",\"target\":[\"https:\\\/\\\/apajhetvous.apajh.org\\\/plateformederepitdelain\\\/les-ateliers-de-ladapa\\\/\"]}]},{\"@type\":\"ImageObject\",\"inLanguage\":\"fr-FR\",\"@id\":\"https:\\\/\\\/apajhetvous.apajh.org\\\/plateformederepitdelain\\\/les-ateliers-de-ladapa\\\/#primaryimage\",\"url\":\"https:\\\/\\\/apajhetvous.apajh.org\\\/plateformederepitdelain\\\/wp-content\\\/uploads\\\/2025\\\/04\\\/pexels-brunogobofoto-3854816-scaled.jpg\",\"contentUrl\":\"https:\\\/\\\/apajhetvous.apajh.org\\\/plateformederepitdelain\\\/wp-content\\\/uploads\\\/2025\\\/04\\\/pexels-brunogobofoto-3854816-scaled.jpg\",\"width\":2560,\"height\":1707},{\"@type\":\"BreadcrumbList\",\"@id\":\"https:\\\/\\\/apajhetvous.apajh.org\\\/plateformederepitdelain\\\/les-ateliers-de-ladapa\\\/#breadcrumb\",\"itemListElement\":[{\"@type\":\"ListItem\",\"position\":1,\"name\":\"Accueil\",\"item\":\"https:\\\/\\\/apajhetvous.apajh.org\\\/plateformederepitdelain\\\/\"},{\"@type\":\"ListItem\",\"position\":2,\"name\":\"Les ateliers de l&rsquo;ADAPA en 2025\"}]},{\"@type\":\"WebSite\",\"@id\":\"https:\\\/\\\/apajhetvous.apajh.org\\\/plateformederepitdelain\\\/#website\",\"url\":\"https:\\\/\\\/apajhetvous.apajh.org\\\/plateformederepitdelain\\\/\",\"name\":\"PLATEFORME DE R\u00c9PIT DE L&#039;AIN\",\"description\":\"APAJH\",\"potentialAction\":[{\"@type\":\"SearchAction\",\"target\":{\"@type\":\"EntryPoint\",\"urlTemplate\":\"https:\\\/\\\/apajhetvous.apajh.org\\\/plateformederepitdelain\\\/?s={search_term_string}\"},\"query-input\":{\"@type\":\"PropertyValueSpecification\",\"valueRequired\":true,\"valueName\":\"search_term_string\"}}],\"inLanguage\":\"fr-FR\"},{\"@type\":\"Person\",\"@id\":\"https:\\\/\\\/apajhetvous.apajh.org\\\/plateformederepitdelain\\\/#\\\/schema\\\/person\\\/90be931d8332ca958c286bc229ccccd1\",\"name\":\"ang\u00e9lique mermet\",\"image\":{\"@type\":\"ImageObject\",\"inLanguage\":\"fr-FR\",\"@id\":\"https:\\\/\\\/secure.gravatar.com\\\/avatar\\\/e936eb366bedac64025cc82a6ff20ca2855575c1b2d689e99a6872a8ed13cf35?s=96&d=mm&r=g\",\"url\":\"https:\\\/\\\/secure.gravatar.com\\\/avatar\\\/e936eb366bedac64025cc82a6ff20ca2855575c1b2d689e99a6872a8ed13cf35?s=96&d=mm&r=g\",\"contentUrl\":\"https:\\\/\\\/secure.gravatar.com\\\/avatar\\\/e936eb366bedac64025cc82a6ff20ca2855575c1b2d689e99a6872a8ed13cf35?s=96&d=mm&r=g\",\"caption\":\"ang\u00e9lique mermet\"},\"url\":\"https:\\\/\\\/apajhetvous.apajh.org\\\/plateformederepitdelain\\\/author\\\/amermet\\\/\"}]}<\/script>\n<!-- \/ Yoast SEO plugin. -->","yoast_head_json":{"title":"Les ateliers de l'ADAPA en 2025 - PLATEFORME DE R\u00c9PIT DE L&#039;AIN","robots":{"index":"index","follow":"follow","max-snippet":"max-snippet:-1","max-image-preview":"max-image-preview:large","max-video-preview":"max-video-preview:-1"},"canonical":"https:\/\/apajhetvous.apajh.org\/plateformederepitdelain\/les-ateliers-de-ladapa\/","og_locale":"fr_FR","og_type":"article","og_title":"Les ateliers de l'ADAPA en 2025 - PLATEFORME DE R\u00c9PIT DE L&#039;AIN","og_description":"L\u2019ADAPA propose un nouveau cycle de rencontre pour les proches aidants du d\u00e9partement de l\u2019Ain. L\u2019atelier \u00ab\u00a0Comprendre pour agir\u00a0\u00bb d\u00e9butera le 6 mai prochain et s\u2019adresse \u00e0 tous les proches aidants (non professionnels) qui souhaiteraient faire un pas de c\u00f4t\u00e9\u2026 Anim\u00e9e par une professionnelle form\u00e9e \u00e0 la th\u00e9matique des aidants, cet atelier permet de se","og_url":"https:\/\/apajhetvous.apajh.org\/plateformederepitdelain\/les-ateliers-de-ladapa\/","og_site_name":"PLATEFORME DE R\u00c9PIT DE L&#039;AIN","article_published_time":"2025-04-25T14:48:30+00:00","article_modified_time":"2025-05-09T14:58:32+00:00","og_image":[{"width":2560,"height":1707,"url":"https:\/\/apajhetvous.apajh.org\/plateformederepitdelain\/wp-content\/uploads\/2025\/04\/pexels-brunogobofoto-3854816-scaled.jpg","type":"image\/jpeg"}],"author":"ang\u00e9lique mermet","twitter_card":"summary_large_image","twitter_misc":{"\u00c9crit par":"ang\u00e9lique mermet","Dur\u00e9e de lecture estim\u00e9e":"3 minutes"},"schema":{"@context":"https:\/\/schema.org","@graph":[{"@type":"Article","@id":"https:\/\/apajhetvous.apajh.org\/plateformederepitdelain\/les-ateliers-de-ladapa\/#article","isPartOf":{"@id":"https:\/\/apajhetvous.apajh.org\/plateformederepitdelain\/les-ateliers-de-ladapa\/"},"author":{"name":"ang\u00e9lique mermet","@id":"https:\/\/apajhetvous.apajh.org\/plateformederepitdelain\/#\/schema\/person\/90be931d8332ca958c286bc229ccccd1"},"headline":"Les ateliers de l&rsquo;ADAPA en 2025","datePublished":"2025-04-25T14:48:30+00:00","dateModified":"2025-05-09T14:58:32+00:00","mainEntityOfPage":{"@id":"https:\/\/apajhetvous.apajh.org\/plateformederepitdelain\/les-ateliers-de-ladapa\/"},"wordCount":417,"image":{"@id":"https:\/\/apajhetvous.apajh.org\/plateformederepitdelain\/les-ateliers-de-ladapa\/#primaryimage"},"thumbnailUrl":"https:\/\/apajhetvous.apajh.org\/plateformederepitdelain\/wp-content\/uploads\/2025\/04\/pexels-brunogobofoto-3854816-scaled.jpg","articleSection":["Actualit\u00e9s"],"inLanguage":"fr-FR"},{"@type":"WebPage","@id":"https:\/\/apajhetvous.apajh.org\/plateformederepitdelain\/les-ateliers-de-ladapa\/","url":"https:\/\/apajhetvous.apajh.org\/plateformederepitdelain\/les-ateliers-de-ladapa\/","name":"Les ateliers de l'ADAPA en 2025 - PLATEFORME DE R\u00c9PIT DE L&#039;AIN","isPartOf":{"@id":"https:\/\/apajhetvous.apajh.org\/plateformederepitdelain\/#website"},"primaryImageOfPage":{"@id":"https:\/\/apajhetvous.apajh.org\/plateformederepitdelain\/les-ateliers-de-ladapa\/#primaryimage"},"image":{"@id":"https:\/\/apajhetvous.apajh.org\/plateformederepitdelain\/les-ateliers-de-ladapa\/#primaryimage"},"thumbnailUrl":"https:\/\/apajhetvous.apajh.org\/plateformederepitdelain\/wp-content\/uploads\/2025\/04\/pexels-brunogobofoto-3854816-scaled.jpg","datePublished":"2025-04-25T14:48:30+00:00","dateModified":"2025-05-09T14:58:32+00:00","author":{"@id":"https:\/\/apajhetvous.apajh.org\/plateformederepitdelain\/#\/schema\/person\/90be931d8332ca958c286bc229ccccd1"},"breadcrumb":{"@id":"https:\/\/apajhetvous.apajh.org\/plateformederepitdelain\/les-ateliers-de-ladapa\/#breadcrumb"},"inLanguage":"fr-FR","potentialAction":[{"@type":"ReadAction","target":["https:\/\/apajhetvous.apajh.org\/plateformederepitdelain\/les-ateliers-de-ladapa\/"]}]},{"@type":"ImageObject","inLanguage":"fr-FR","@id":"https:\/\/apajhetvous.apajh.org\/plateformederepitdelain\/les-ateliers-de-ladapa\/#primaryimage","url":"https:\/\/apajhetvous.apajh.org\/plateformederepitdelain\/wp-content\/uploads\/2025\/04\/pexels-brunogobofoto-3854816-scaled.jpg","contentUrl":"https:\/\/apajhetvous.apajh.org\/plateformederepitdelain\/wp-content\/uploads\/2025\/04\/pexels-brunogobofoto-3854816-scaled.jpg","width":2560,"height":1707},{"@type":"BreadcrumbList","@id":"https:\/\/apajhetvous.apajh.org\/plateformederepitdelain\/les-ateliers-de-ladapa\/#breadcrumb","itemListElement":[{"@type":"ListItem","position":1,"name":"Accueil","item":"https:\/\/apajhetvous.apajh.org\/plateformederepitdelain\/"},{"@type":"ListItem","position":2,"name":"Les ateliers de l&rsquo;ADAPA en 2025"}]},{"@type":"WebSite","@id":"https:\/\/apajhetvous.apajh.org\/plateformederepitdelain\/#website","url":"https:\/\/apajhetvous.apajh.org\/plateformederepitdelain\/","name":"PLATEFORME DE R\u00c9PIT DE L&#039;AIN","description":"APAJH","potentialAction":[{"@type":"SearchAction","target":{"@type":"EntryPoint","urlTemplate":"https:\/\/apajhetvous.apajh.org\/plateformederepitdelain\/?s={search_term_string}"},"query-input":{"@type":"PropertyValueSpecification","valueRequired":true,"valueName":"search_term_string"}}],"inLanguage":"fr-FR"},{"@type":"Person","@id":"https:\/\/apajhetvous.apajh.org\/plateformederepitdelain\/#\/schema\/person\/90be931d8332ca958c286bc229ccccd1","name":"ang\u00e9lique mermet","image":{"@type":"ImageObject","inLanguage":"fr-FR","@id":"https:\/\/secure.gravatar.com\/avatar\/e936eb366bedac64025cc82a6ff20ca2855575c1b2d689e99a6872a8ed13cf35?s=96&d=mm&r=g","url":"https:\/\/secure.gravatar.com\/avatar\/e936eb366bedac64025cc82a6ff20ca2855575c1b2d689e99a6872a8ed13cf35?s=96&d=mm&r=g","contentUrl":"https:\/\/secure.gravatar.com\/avatar\/e936eb366bedac64025cc82a6ff20ca2855575c1b2d689e99a6872a8ed13cf35?s=96&d=mm&r=g","caption":"ang\u00e9lique mermet"},"url":"https:\/\/apajhetvous.apajh.org\/plateformederepitdelain\/author\/amermet\/"}]}},"_links":{"self":[{"href":"https:\/\/apajhetvous.apajh.org\/plateformederepitdelain\/wp-json\/wp\/v2\/posts\/1989","targetHints":{"allow":["GET"]}}],"collection":[{"href":"https:\/\/apajhetvous.apajh.org\/plateformederepitdelain\/wp-json\/wp\/v2\/posts"}],"about":[{"href":"https:\/\/apajhetvous.apajh.org\/plateformederepitdelain\/wp-json\/wp\/v2\/types\/post"}],"author":[{"embeddable":true,"href":"https:\/\/apajhetvous.apajh.org\/plateformederepitdelain\/wp-json\/wp\/v2\/users\/4"}],"replies":[{"embeddable":true,"href":"https:\/\/apajhetvous.apajh.org\/plateformederepitdelain\/wp-json\/wp\/v2\/comments?post=1989"}],"version-history":[{"count":5,"href":"https:\/\/apajhetvous.apajh.org\/plateformederepitdelain\/wp-json\/wp\/v2\/posts\/1989\/revisions"}],"predecessor-version":[{"id":2002,"href":"https:\/\/apajhetvous.apajh.org\/plateformederepitdelain\/wp-json\/wp\/v2\/posts\/1989\/revisions\/2002"}],"wp:featuredmedia":[{"embeddable":true,"href":"https:\/\/apajhetvous.apajh.org\/plateformederepitdelain\/wp-json\/wp\/v2\/media\/2030"}],"wp:attachment":[{"href":"https:\/\/apajhetvous.apajh.org\/plateformederepitdelain\/wp-json\/wp\/v2\/media?parent=1989"}],"wp:term":[{"taxonomy":"category","embeddable":true,"href":"https:\/\/apajhetvous.apajh.org\/plateformederepitdelain\/wp-json\/wp\/v2\/categories?post=1989"},{"taxonomy":"post_tag","embeddable":true,"href":"https:\/\/apajhetvous.apajh.org\/plateformederepitdelain\/wp-json\/wp\/v2\/tags?post=1989"}],"curies":[{"name":"wp","href":"https:\/\/api.w.org\/{rel}","templated":true}]}}